{"id":24141,"date":"2025-10-16T08:10:11","date_gmt":"2025-10-16T08:10:11","guid":{"rendered":"https:\/\/www.afrikaldia.com\/2025\/10\/16\/resem-verkron\/"},"modified":"2025-10-16T09:04:24","modified_gmt":"2025-10-16T09:04:24","slug":"resem-verkron","status":"publish","type":"post","link":"https:\/\/www.afrikaldia.com\/fr\/2025\/10\/16\/resem-verkron\/","title":{"rendered":"RESEM VERKRON"},"content":{"rendered":"\t\t<div data-elementor-type=\"wp-post\" data-elementor-id=\"24141\" class=\"elementor elementor-24141 elementor-24119\">\n\t\t\t\t\t\t<section class=\"elementor-section elementor-top-section elementor-element elementor-element-ec9864a elementor-section-boxed elementor-section-height-default elementor-section-height-default qodef-elementor-content-no\" data-id=\"ec9864a\" data-element_type=\"section\">\n\t\t\t\t\t\t<div class=\"elementor-container elementor-column-gap-default\">\n\t\t\t\t\t<div class=\"elementor-column elementor-col-100 elementor-top-column elementor-element elementor-element-e8bf106\" data-id=\"e8bf106\" data-element_type=\"column\">\n\t\t\t<div class=\"elementor-widget-wrap elementor-element-populated\">\n\t\t\t\t\t\t<section class=\"elementor-section elementor-inner-section elementor-element elementor-element-f223020 elementor-section-boxed elementor-section-height-default elementor-section-height-default qodef-elementor-content-no\" data-id=\"f223020\" data-element_type=\"section\">\n\t\t\t\t\t\t<div class=\"elementor-container elementor-column-gap-default\">\n\t\t\t\t\t<div class=\"elementor-column elementor-col-100 elementor-inner-column elementor-element elementor-element-f74ee49\" data-id=\"f74ee49\" data-element_type=\"column\">\n\t\t\t<div class=\"elementor-widget-wrap elementor-element-populated\">\n\t\t\t\t\t\t<div class=\"elementor-element elementor-element-8f0039a elementor-widget elementor-widget-coppola_core_section_title\" data-id=\"8f0039a\" data-element_type=\"widget\" data-widget_type=\"coppola_core_section_title.default\">\n\t\t\t\t<div class=\"elementor-widget-container\">\n\t\t\t\t\t<div class=\"qodef-shortcode qodef-m  qodef-section-title qodef-alignment--left \">\n\t\t\t<h2 class=\"qodef-m-title\" >\n\t\t\t\t\tResem Verkron\t\t\t<\/h2>\n\t\t<\/div>\n\t\t\t\t<\/div>\n\t\t\t\t<\/div>\n\t\t\t\t\t<\/div>\n\t\t<\/div>\n\t\t\t\t\t<\/div>\n\t\t<\/section>\n\t\t\t\t<section class=\"elementor-section elementor-inner-section elementor-element elementor-element-f45164e elementor-section-boxed elementor-section-height-default elementor-section-height-default qodef-elementor-content-no\" data-id=\"f45164e\" data-element_type=\"section\">\n\t\t\t\t\t\t<div class=\"elementor-container elementor-column-gap-default\">\n\t\t\t\t\t<div class=\"elementor-column elementor-col-50 elementor-inner-column elementor-element elementor-element-0994d97\" data-id=\"0994d97\" data-element_type=\"column\">\n\t\t\t<div class=\"elementor-widget-wrap elementor-element-populated\">\n\t\t\t\t\t\t<div class=\"elementor-element elementor-element-24cb30f elementor-widget elementor-widget-image\" data-id=\"24cb30f\" data-element_type=\"widget\" data-widget_type=\"image.default\">\n\t\t\t\t<div class=\"elementor-widget-container\">\n\t\t\t\t\t\t\t\t\t\t\t\t\t\t\t<img fetchpriority=\"high\" decoding=\"async\" width=\"850\" height=\"850\" src=\"https:\/\/www.afrikaldia.com\/wp-content\/uploads\/2025\/10\/RESEM-VERKRON.jpg\" class=\"attachment-full size-full wp-image-24109\" alt=\"\" srcset=\"https:\/\/www.afrikaldia.com\/wp-content\/uploads\/2025\/10\/RESEM-VERKRON.jpg 850w, https:\/\/www.afrikaldia.com\/wp-content\/uploads\/2025\/10\/RESEM-VERKRON-300x300.jpg 300w, https:\/\/www.afrikaldia.com\/wp-content\/uploads\/2025\/10\/RESEM-VERKRON-150x150.jpg 150w, https:\/\/www.afrikaldia.com\/wp-content\/uploads\/2025\/10\/RESEM-VERKRON-768x768.jpg 768w, https:\/\/www.afrikaldia.com\/wp-content\/uploads\/2025\/10\/RESEM-VERKRON-650x650.jpg 650w\" sizes=\"(max-width: 850px) 100vw, 850px\" \/>\t\t\t\t\t\t\t\t\t\t\t\t\t\t\t<\/div>\n\t\t\t\t<\/div>\n\t\t\t\t\t<\/div>\n\t\t<\/div>\n\t\t\t\t<div class=\"elementor-column elementor-col-50 elementor-inner-column elementor-element elementor-element-1645de3\" data-id=\"1645de3\" data-element_type=\"column\">\n\t\t\t<div class=\"elementor-widget-wrap elementor-element-populated\">\n\t\t\t\t\t\t<div class=\"elementor-element elementor-element-d95682b elementor-widget elementor-widget-text-editor\" data-id=\"d95682b\" data-element_type=\"widget\" data-widget_type=\"text-editor.default\">\n\t\t\t\t<div class=\"elementor-widget-container\">\n\t\t\t\t\t\t\t\t\t<p><b><span data-contrast=\"none\">BIO<\/span><\/b><\/p><p><strong>Resem Verkron <\/strong>(1999) est un artiste angolais travaillant dans le cin\u00e9ma et la musique \u00e9lectronique. Il fait partie de deux importants mouvements culturels de Luanda : le collectif d\u2019art urbain <em>Verkron Collective<\/em> \u2013 dont il tire son nom d\u2019artiste \u2013 et la soci\u00e9t\u00e9 de production de cin\u00e9ma d\u2019auteur <em>Gera\u00e7\u00e3o 80<\/em>.<\/p><p>Il d\u00e9finit son \u0153uvre comme un \u00ab afrofuturisme \u00e9motionnel \u00bb, en r\u00e9ponse \u00e0 l\u2019afrofuturisme des \u00c9tats-Unis. Il a r\u00e9cemment \u00e9t\u00e9 r\u00e9compens\u00e9 par le prix PALOP des nouveaux talents d\u00e9cern\u00e9 par le forum du cin\u00e9ma <em>Kugoma<\/em> du Mozambique. Il a codirig\u00e9 <em>Les Aventures d\u2019Angosat<\/em> (premi\u00e8re nationale \u00e0 AFRIKALDIA), le premier film musical tourn\u00e9 en Angola, r\u00e9cemment prim\u00e9 au Portugal et aux \u00c9tats-Unis. La direction artistique du film est sign\u00e9e Geg\u00e9 M\u2019bakudi, avec qui il collabore sur la majorit\u00e9 de ses projets.Resem Verkron est \u00e9galement l\u2019auteur de plusieurs \u0153uvres de vid\u00e9o-art r\u00e9alis\u00e9es lors d\u2019une r\u00e9sidence au centre de recherche artistique <em>Hangar<\/em> de Lisbonne, et expos\u00e9es dans des galeries d\u2019art en Angola et au Portugal. Il a fait ses d\u00e9buts en tant que r\u00e9alisateur avec le court m\u00e9trage <em>Lola &amp; Mami<\/em> (2021), une r\u00e9flexion sur le machisme toxique. Son prochain projet, encore en d\u00e9veloppement, a \u00e9t\u00e9 s\u00e9lectionn\u00e9 \u00e0 la derni\u00e8re \u00e9dition du Festival de Clermont-Ferrand (France).<\/p><p>Il travaille habituellement comme directeur de la photographie \u00e0 Luanda, o\u00f9 il r\u00e9side.<\/p>\t\t\t\t\t\t\t\t<\/div>\n\t\t\t\t<\/div>\n\t\t\t\t\t<\/div>\n\t\t<\/div>\n\t\t\t\t\t<\/div>\n\t\t<\/section>\n\t\t\t\t<section class=\"elementor-section elementor-inner-section elementor-element elementor-element-1e64a9b elementor-section-boxed elementor-section-height-default elementor-section-height-default qodef-elementor-content-no\" data-id=\"1e64a9b\" data-element_type=\"section\">\n\t\t\t\t\t\t<div class=\"elementor-container elementor-column-gap-default\">\n\t\t\t\t\t<div class=\"elementor-column elementor-col-100 elementor-inner-column elementor-element elementor-element-c6b218b\" data-id=\"c6b218b\" data-element_type=\"column\">\n\t\t\t<div class=\"elementor-widget-wrap elementor-element-populated\">\n\t\t\t\t\t\t<div class=\"elementor-element elementor-element-045467b elementor-widget elementor-widget-coppola_core_button\" data-id=\"045467b\" data-element_type=\"widget\" data-widget_type=\"coppola_core_button.default\">\n\t\t\t\t<div class=\"elementor-widget-container\">\n\t\t\t\t\t<a class=\"qodef-shortcode qodef-m  qodef-button qodef-layout--textual  qodef-skin--default qodef-html--link\" href=\"\/fr\/personnes-invitees\/\" target=\"_self\"  >\n\t<span class=\"qodef-m-text\">PERSONNES INVIT\u00c9ES<svg class=\"qodef-svg--button-arrow\" xmlns=\"http:\/\/www.w3.org\/2000\/svg\" width=\"12.0148\" height=\"12.0143\"\n     viewBox=\"0 0 12.0148 12.0143\"><g><line x1=\"0.7071\" y1=\"11.3071\" x2=\"10.6066\" y2=\"1.4077\"\/><polyline points=\"1.015 1 11.015 1 11.015 11\"\/><\/g><g><line x1=\"0.7071\" y1=\"11.3071\" x2=\"10.6066\" y2=\"1.4077\"\/><polyline points=\"1.015 1 11.015 1 11.015 11\"\/><\/g><\/svg><\/span>\n<\/a>\n\t\t\t\t<\/div>\n\t\t\t\t<\/div>\n\t\t\t\t\t<\/div>\n\t\t<\/div>\n\t\t\t\t\t<\/div>\n\t\t<\/section>\n\t\t\t\t\t<\/div>\n\t\t<\/div>\n\t\t\t\t\t<\/div>\n\t\t<\/section>\n\t\t\t\t<\/div>\n\t\t","protected":false},"excerpt":{"rendered":"<p>Resem Verkron BIO Resem Verkron (1999) est un artiste angolais travaillant dans le cin\u00e9ma et la musique \u00e9lectronique. Il fait partie de deux importants mouvements culturels de Luanda : le collectif d\u2019art urbain Verkron Collective \u2013 dont il tire son nom d\u2019artiste \u2013 et la soci\u00e9t\u00e9 de production de cin\u00e9ma d\u2019auteur Gera\u00e7\u00e3o 80. Il d\u00e9finit [&hellip;]<\/p>\n","protected":false},"author":1,"featured_media":24109,"comment_status":"closed","ping_status":"closed","sticky":false,"template":"elementor_header_footer","format":"standard","meta":{"_monsterinsights_skip_tracking":false,"_monsterinsights_sitenote_active":false,"_monsterinsights_sitenote_note":"","_monsterinsights_sitenote_category":0,"footnotes":""},"categories":[180],"tags":[],"class_list":["post-24141","post","type-post","status-publish","format-standard","has-post-thumbnail","hentry","category-invitados-2025-fr"],"yoast_head":"<!-- This site is optimized with the Yoast SEO plugin v26.2 - https:\/\/yoast.com\/wordpress\/plugins\/seo\/ -->\n<title>RESEM VERKRON - Afrikaldia \u2013 Festival Vasco de Cines Africanos<\/title>\n<meta name=\"robots\" content=\"index, follow, max-snippet:-1, max-image-preview:large, max-video-preview:-1\" \/>\n<link rel=\"canonical\" href=\"https:\/\/www.afrikaldia.com\/fr\/2025\/10\/16\/resem-verkron\/\" \/>\n<meta property=\"og:locale\" content=\"fr_FR\" \/>\n<meta property=\"og:type\" content=\"article\" \/>\n<meta property=\"og:title\" content=\"RESEM VERKRON - Afrikaldia \u2013 Festival Vasco de Cines Africanos\" \/>\n<meta property=\"og:description\" content=\"Resem Verkron BIO Resem Verkron (1999) est un artiste angolais travaillant dans le cin\u00e9ma et la musique \u00e9lectronique. Il fait partie de deux importants mouvements culturels de Luanda : le collectif d\u2019art urbain Verkron Collective \u2013 dont il tire son nom d\u2019artiste \u2013 et la soci\u00e9t\u00e9 de production de cin\u00e9ma d\u2019auteur Gera\u00e7\u00e3o 80. Il d\u00e9finit [&hellip;]\" \/>\n<meta property=\"og:url\" content=\"https:\/\/www.afrikaldia.com\/fr\/2025\/10\/16\/resem-verkron\/\" \/>\n<meta property=\"og:site_name\" content=\"Afrikaldia \u2013 Festival Vasco de Cines Africanos\" \/>\n<meta property=\"article:published_time\" content=\"2025-10-16T08:10:11+00:00\" \/>\n<meta property=\"article:modified_time\" content=\"2025-10-16T09:04:24+00:00\" \/>\n<meta property=\"og:image\" content=\"https:\/\/www.afrikaldia.com\/wp-content\/uploads\/2025\/10\/RESEM-VERKRON.jpg\" \/>\n\t<meta property=\"og:image:width\" content=\"850\" \/>\n\t<meta property=\"og:image:height\" content=\"850\" \/>\n\t<meta property=\"og:image:type\" content=\"image\/jpeg\" \/>\n<meta name=\"author\" content=\"AdminAfrika\" \/>\n<meta name=\"twitter:card\" content=\"summary_large_image\" \/>\n<meta name=\"twitter:label1\" content=\"\u00c9crit par\" \/>\n\t<meta name=\"twitter:data1\" content=\"AdminAfrika\" \/>\n\t<meta name=\"twitter:label2\" content=\"Dur\u00e9e de lecture estim\u00e9e\" \/>\n\t<meta name=\"twitter:data2\" content=\"2 minutes\" \/>\n<script type=\"application\/ld+json\" class=\"yoast-schema-graph\">{\"@context\":\"https:\/\/schema.org\",\"@graph\":[{\"@type\":\"WebPage\",\"@id\":\"https:\/\/www.afrikaldia.com\/fr\/2025\/10\/16\/resem-verkron\/\",\"url\":\"https:\/\/www.afrikaldia.com\/fr\/2025\/10\/16\/resem-verkron\/\",\"name\":\"RESEM VERKRON - Afrikaldia \u2013 Festival Vasco de Cines Africanos\",\"isPartOf\":{\"@id\":\"https:\/\/www.afrikaldia.com\/#website\"},\"primaryImageOfPage\":{\"@id\":\"https:\/\/www.afrikaldia.com\/fr\/2025\/10\/16\/resem-verkron\/#primaryimage\"},\"image\":{\"@id\":\"https:\/\/www.afrikaldia.com\/fr\/2025\/10\/16\/resem-verkron\/#primaryimage\"},\"thumbnailUrl\":\"https:\/\/www.afrikaldia.com\/wp-content\/uploads\/2025\/10\/RESEM-VERKRON.jpg\",\"datePublished\":\"2025-10-16T08:10:11+00:00\",\"dateModified\":\"2025-10-16T09:04:24+00:00\",\"author\":{\"@id\":\"https:\/\/www.afrikaldia.com\/#\/schema\/person\/638990ad462c5867697fb0382c10f28e\"},\"breadcrumb\":{\"@id\":\"https:\/\/www.afrikaldia.com\/fr\/2025\/10\/16\/resem-verkron\/#breadcrumb\"},\"inLanguage\":\"fr-FR\",\"potentialAction\":[{\"@type\":\"ReadAction\",\"target\":[\"https:\/\/www.afrikaldia.com\/fr\/2025\/10\/16\/resem-verkron\/\"]}]},{\"@type\":\"ImageObject\",\"inLanguage\":\"fr-FR\",\"@id\":\"https:\/\/www.afrikaldia.com\/fr\/2025\/10\/16\/resem-verkron\/#primaryimage\",\"url\":\"https:\/\/www.afrikaldia.com\/wp-content\/uploads\/2025\/10\/RESEM-VERKRON.jpg\",\"contentUrl\":\"https:\/\/www.afrikaldia.com\/wp-content\/uploads\/2025\/10\/RESEM-VERKRON.jpg\",\"width\":850,\"height\":850},{\"@type\":\"BreadcrumbList\",\"@id\":\"https:\/\/www.afrikaldia.com\/fr\/2025\/10\/16\/resem-verkron\/#breadcrumb\",\"itemListElement\":[{\"@type\":\"ListItem\",\"position\":1,\"name\":\"Portada\",\"item\":\"https:\/\/www.afrikaldia.com\/fr\/\"},{\"@type\":\"ListItem\",\"position\":2,\"name\":\"RESEM VERKRON\"}]},{\"@type\":\"WebSite\",\"@id\":\"https:\/\/www.afrikaldia.com\/#website\",\"url\":\"https:\/\/www.afrikaldia.com\/\",\"name\":\"Afrikaldia \u2013 Festival Vasco de Cines Africanos\",\"description\":\"AFRIKALDIA es un festival internacional de cine de car\u00e1cter competitivo, dirigido a todos los p\u00fablicos.\",\"potentialAction\":[{\"@type\":\"SearchAction\",\"target\":{\"@type\":\"EntryPoint\",\"urlTemplate\":\"https:\/\/www.afrikaldia.com\/?s={search_term_string}\"},\"query-input\":{\"@type\":\"PropertyValueSpecification\",\"valueRequired\":true,\"valueName\":\"search_term_string\"}}],\"inLanguage\":\"fr-FR\"},{\"@type\":\"Person\",\"@id\":\"https:\/\/www.afrikaldia.com\/#\/schema\/person\/638990ad462c5867697fb0382c10f28e\",\"name\":\"AdminAfrika\",\"image\":{\"@type\":\"ImageObject\",\"inLanguage\":\"fr-FR\",\"@id\":\"https:\/\/www.afrikaldia.com\/#\/schema\/person\/image\/\",\"url\":\"https:\/\/www.afrikaldia.com\/wp-content\/litespeed\/avatar\/f9f62e4a8710aed3b945aca4f2756f19.jpg?ver=1777444892\",\"contentUrl\":\"https:\/\/www.afrikaldia.com\/wp-content\/litespeed\/avatar\/f9f62e4a8710aed3b945aca4f2756f19.jpg?ver=1777444892\",\"caption\":\"AdminAfrika\"},\"sameAs\":[\"https:\/\/www.afrikaldia.com\"],\"url\":\"https:\/\/www.afrikaldia.com\/fr\/author\/AdminAfrika\/\"}]}<\/script>\n<!-- \/ Yoast SEO plugin. -->","yoast_head_json":{"title":"RESEM VERKRON - Afrikaldia \u2013 Festival Vasco de Cines Africanos","robots":{"index":"index","follow":"follow","max-snippet":"max-snippet:-1","max-image-preview":"max-image-preview:large","max-video-preview":"max-video-preview:-1"},"canonical":"https:\/\/www.afrikaldia.com\/fr\/2025\/10\/16\/resem-verkron\/","og_locale":"fr_FR","og_type":"article","og_title":"RESEM VERKRON - Afrikaldia \u2013 Festival Vasco de Cines Africanos","og_description":"Resem Verkron BIO Resem Verkron (1999) est un artiste angolais travaillant dans le cin\u00e9ma et la musique \u00e9lectronique. Il fait partie de deux importants mouvements culturels de Luanda : le collectif d\u2019art urbain Verkron Collective \u2013 dont il tire son nom d\u2019artiste \u2013 et la soci\u00e9t\u00e9 de production de cin\u00e9ma d\u2019auteur Gera\u00e7\u00e3o 80. Il d\u00e9finit [&hellip;]","og_url":"https:\/\/www.afrikaldia.com\/fr\/2025\/10\/16\/resem-verkron\/","og_site_name":"Afrikaldia \u2013 Festival Vasco de Cines Africanos","article_published_time":"2025-10-16T08:10:11+00:00","article_modified_time":"2025-10-16T09:04:24+00:00","og_image":[{"width":850,"height":850,"url":"https:\/\/www.afrikaldia.com\/wp-content\/uploads\/2025\/10\/RESEM-VERKRON.jpg","type":"image\/jpeg"}],"author":"AdminAfrika","twitter_card":"summary_large_image","twitter_misc":{"\u00c9crit par":"AdminAfrika","Dur\u00e9e de lecture estim\u00e9e":"2 minutes"},"schema":{"@context":"https:\/\/schema.org","@graph":[{"@type":"WebPage","@id":"https:\/\/www.afrikaldia.com\/fr\/2025\/10\/16\/resem-verkron\/","url":"https:\/\/www.afrikaldia.com\/fr\/2025\/10\/16\/resem-verkron\/","name":"RESEM VERKRON - Afrikaldia \u2013 Festival Vasco de Cines Africanos","isPartOf":{"@id":"https:\/\/www.afrikaldia.com\/#website"},"primaryImageOfPage":{"@id":"https:\/\/www.afrikaldia.com\/fr\/2025\/10\/16\/resem-verkron\/#primaryimage"},"image":{"@id":"https:\/\/www.afrikaldia.com\/fr\/2025\/10\/16\/resem-verkron\/#primaryimage"},"thumbnailUrl":"https:\/\/www.afrikaldia.com\/wp-content\/uploads\/2025\/10\/RESEM-VERKRON.jpg","datePublished":"2025-10-16T08:10:11+00:00","dateModified":"2025-10-16T09:04:24+00:00","author":{"@id":"https:\/\/www.afrikaldia.com\/#\/schema\/person\/638990ad462c5867697fb0382c10f28e"},"breadcrumb":{"@id":"https:\/\/www.afrikaldia.com\/fr\/2025\/10\/16\/resem-verkron\/#breadcrumb"},"inLanguage":"fr-FR","potentialAction":[{"@type":"ReadAction","target":["https:\/\/www.afrikaldia.com\/fr\/2025\/10\/16\/resem-verkron\/"]}]},{"@type":"ImageObject","inLanguage":"fr-FR","@id":"https:\/\/www.afrikaldia.com\/fr\/2025\/10\/16\/resem-verkron\/#primaryimage","url":"https:\/\/www.afrikaldia.com\/wp-content\/uploads\/2025\/10\/RESEM-VERKRON.jpg","contentUrl":"https:\/\/www.afrikaldia.com\/wp-content\/uploads\/2025\/10\/RESEM-VERKRON.jpg","width":850,"height":850},{"@type":"BreadcrumbList","@id":"https:\/\/www.afrikaldia.com\/fr\/2025\/10\/16\/resem-verkron\/#breadcrumb","itemListElement":[{"@type":"ListItem","position":1,"name":"Portada","item":"https:\/\/www.afrikaldia.com\/fr\/"},{"@type":"ListItem","position":2,"name":"RESEM VERKRON"}]},{"@type":"WebSite","@id":"https:\/\/www.afrikaldia.com\/#website","url":"https:\/\/www.afrikaldia.com\/","name":"Afrikaldia \u2013 Festival Vasco de Cines Africanos","description":"AFRIKALDIA es un festival internacional de cine de car\u00e1cter competitivo, dirigido a todos los p\u00fablicos.","potentialAction":[{"@type":"SearchAction","target":{"@type":"EntryPoint","urlTemplate":"https:\/\/www.afrikaldia.com\/?s={search_term_string}"},"query-input":{"@type":"PropertyValueSpecification","valueRequired":true,"valueName":"search_term_string"}}],"inLanguage":"fr-FR"},{"@type":"Person","@id":"https:\/\/www.afrikaldia.com\/#\/schema\/person\/638990ad462c5867697fb0382c10f28e","name":"AdminAfrika","image":{"@type":"ImageObject","inLanguage":"fr-FR","@id":"https:\/\/www.afrikaldia.com\/#\/schema\/person\/image\/","url":"https:\/\/www.afrikaldia.com\/wp-content\/litespeed\/avatar\/f9f62e4a8710aed3b945aca4f2756f19.jpg?ver=1777444892","contentUrl":"https:\/\/www.afrikaldia.com\/wp-content\/litespeed\/avatar\/f9f62e4a8710aed3b945aca4f2756f19.jpg?ver=1777444892","caption":"AdminAfrika"},"sameAs":["https:\/\/www.afrikaldia.com"],"url":"https:\/\/www.afrikaldia.com\/fr\/author\/AdminAfrika\/"}]}},"_links":{"self":[{"href":"https:\/\/www.afrikaldia.com\/fr\/wp-json\/wp\/v2\/posts\/24141","targetHints":{"allow":["GET"]}}],"collection":[{"href":"https:\/\/www.afrikaldia.com\/fr\/wp-json\/wp\/v2\/posts"}],"about":[{"href":"https:\/\/www.afrikaldia.com\/fr\/wp-json\/wp\/v2\/types\/post"}],"author":[{"embeddable":true,"href":"https:\/\/www.afrikaldia.com\/fr\/wp-json\/wp\/v2\/users\/1"}],"replies":[{"embeddable":true,"href":"https:\/\/www.afrikaldia.com\/fr\/wp-json\/wp\/v2\/comments?post=24141"}],"version-history":[{"count":4,"href":"https:\/\/www.afrikaldia.com\/fr\/wp-json\/wp\/v2\/posts\/24141\/revisions"}],"predecessor-version":[{"id":24149,"href":"https:\/\/www.afrikaldia.com\/fr\/wp-json\/wp\/v2\/posts\/24141\/revisions\/24149"}],"wp:featuredmedia":[{"embeddable":true,"href":"https:\/\/www.afrikaldia.com\/fr\/wp-json\/wp\/v2\/media\/24109"}],"wp:attachment":[{"href":"https:\/\/www.afrikaldia.com\/fr\/wp-json\/wp\/v2\/media?parent=24141"}],"wp:term":[{"taxonomy":"category","embeddable":true,"href":"https:\/\/www.afrikaldia.com\/fr\/wp-json\/wp\/v2\/categories?post=24141"},{"taxonomy":"post_tag","embeddable":true,"href":"https:\/\/www.afrikaldia.com\/fr\/wp-json\/wp\/v2\/tags?post=24141"}],"curies":[{"name":"wp","href":"https:\/\/api.w.org\/{rel}","templated":true}]}}