{"id":24128,"date":"2025-10-16T08:07:04","date_gmt":"2025-10-16T08:07:04","guid":{"rendered":"https:\/\/www.afrikaldia.com\/2025\/10\/16\/marc-serena\/"},"modified":"2025-10-16T09:00:39","modified_gmt":"2025-10-16T09:00:39","slug":"marc-serena","status":"publish","type":"post","link":"https:\/\/www.afrikaldia.com\/fr\/2025\/10\/16\/marc-serena\/","title":{"rendered":"Marc Serena"},"content":{"rendered":"\t\t<div data-elementor-type=\"wp-post\" data-elementor-id=\"24128\" class=\"elementor elementor-24128 elementor-24105\">\n\t\t\t\t\t\t<section class=\"elementor-section elementor-top-section elementor-element elementor-element-ec9864a elementor-section-boxed elementor-section-height-default elementor-section-height-default qodef-elementor-content-no\" data-id=\"ec9864a\" data-element_type=\"section\">\n\t\t\t\t\t\t<div class=\"elementor-container elementor-column-gap-default\">\n\t\t\t\t\t<div class=\"elementor-column elementor-col-100 elementor-top-column elementor-element elementor-element-e8bf106\" data-id=\"e8bf106\" data-element_type=\"column\">\n\t\t\t<div class=\"elementor-widget-wrap elementor-element-populated\">\n\t\t\t\t\t\t<section class=\"elementor-section elementor-inner-section elementor-element elementor-element-f223020 elementor-section-boxed elementor-section-height-default elementor-section-height-default qodef-elementor-content-no\" data-id=\"f223020\" data-element_type=\"section\">\n\t\t\t\t\t\t<div class=\"elementor-container elementor-column-gap-default\">\n\t\t\t\t\t<div class=\"elementor-column elementor-col-100 elementor-inner-column elementor-element elementor-element-f74ee49\" data-id=\"f74ee49\" data-element_type=\"column\">\n\t\t\t<div class=\"elementor-widget-wrap elementor-element-populated\">\n\t\t\t\t\t\t<div class=\"elementor-element elementor-element-8f0039a elementor-widget elementor-widget-coppola_core_section_title\" data-id=\"8f0039a\" data-element_type=\"widget\" data-widget_type=\"coppola_core_section_title.default\">\n\t\t\t\t<div class=\"elementor-widget-container\">\n\t\t\t\t\t<div class=\"qodef-shortcode qodef-m  qodef-section-title qodef-alignment--left \">\n\t\t\t<h2 class=\"qodef-m-title\" >\n\t\t\t\t\tMarc Serena\t\t\t<\/h2>\n\t\t<\/div>\n\t\t\t\t<\/div>\n\t\t\t\t<\/div>\n\t\t\t\t\t<\/div>\n\t\t<\/div>\n\t\t\t\t\t<\/div>\n\t\t<\/section>\n\t\t\t\t<section class=\"elementor-section elementor-inner-section elementor-element elementor-element-f45164e elementor-section-boxed elementor-section-height-default elementor-section-height-default qodef-elementor-content-no\" data-id=\"f45164e\" data-element_type=\"section\">\n\t\t\t\t\t\t<div class=\"elementor-container elementor-column-gap-default\">\n\t\t\t\t\t<div class=\"elementor-column elementor-col-50 elementor-inner-column elementor-element elementor-element-0994d97\" data-id=\"0994d97\" data-element_type=\"column\">\n\t\t\t<div class=\"elementor-widget-wrap elementor-element-populated\">\n\t\t\t\t\t\t<div class=\"elementor-element elementor-element-24cb30f elementor-widget elementor-widget-image\" data-id=\"24cb30f\" data-element_type=\"widget\" data-widget_type=\"image.default\">\n\t\t\t\t<div class=\"elementor-widget-container\">\n\t\t\t\t\t\t\t\t\t\t\t\t\t\t\t<img fetchpriority=\"high\" decoding=\"async\" width=\"750\" height=\"750\" src=\"https:\/\/www.afrikaldia.com\/wp-content\/uploads\/2025\/10\/marc-serena.jpg\" class=\"attachment-full size-full wp-image-24113\" alt=\"\" srcset=\"https:\/\/www.afrikaldia.com\/wp-content\/uploads\/2025\/10\/marc-serena.jpg 750w, https:\/\/www.afrikaldia.com\/wp-content\/uploads\/2025\/10\/marc-serena-300x300.jpg 300w, https:\/\/www.afrikaldia.com\/wp-content\/uploads\/2025\/10\/marc-serena-150x150.jpg 150w, https:\/\/www.afrikaldia.com\/wp-content\/uploads\/2025\/10\/marc-serena-650x650.jpg 650w\" sizes=\"(max-width: 750px) 100vw, 750px\" \/>\t\t\t\t\t\t\t\t\t\t\t\t\t\t\t<\/div>\n\t\t\t\t<\/div>\n\t\t\t\t\t<\/div>\n\t\t<\/div>\n\t\t\t\t<div class=\"elementor-column elementor-col-50 elementor-inner-column elementor-element elementor-element-1645de3\" data-id=\"1645de3\" data-element_type=\"column\">\n\t\t\t<div class=\"elementor-widget-wrap elementor-element-populated\">\n\t\t\t\t\t\t<div class=\"elementor-element elementor-element-d95682b elementor-widget elementor-widget-text-editor\" data-id=\"d95682b\" data-element_type=\"widget\" data-widget_type=\"text-editor.default\">\n\t\t\t\t<div class=\"elementor-widget-container\">\n\t\t\t\t\t\t\t\t\t<p><b><span data-contrast=\"none\">BIO<\/span><\/b><\/p><p><strong>Marc Serena<\/strong> (1983) a d\u00e9but\u00e9 avec le long m\u00e9trage documentaire <em>Tchindas<\/em> (2015), tourn\u00e9 au Cap-Vert, r\u00e9compens\u00e9 au festival Outfest de Los Angeles, finaliste aux prix AMAA de l\u2019Acad\u00e9mie du cin\u00e9ma africain (Nigeria) et diffus\u00e9 par PBS (\u00c9tats-Unis). Plus r\u00e9cemment, il a r\u00e9alis\u00e9 <em>L\u2019\u00e9crivain d\u2019un pays sans librairies<\/em> (2019), un portrait de la Guin\u00e9e \u00e9quatoriale et de l\u2019impact du colonialisme espagnol en Afrique. Ce film a remport\u00e9 le prix DIG du meilleur journalisme d\u2019investigation europ\u00e9en et a \u00e9t\u00e9 diffus\u00e9 par RTP (Portugal).<\/p><p>Afrikaldia a projet\u00e9 en 2023 sa s\u00e9rie de courts m\u00e9trages environnementaux tourn\u00e9s au Ghana et pr\u00e9sent\u00e9s au festival du film <em>Black Star<\/em> d\u2019Accra (Ghana) ainsi qu\u2019au festival international du film d\u2019animation de Lagos (Nigeria). Il est \u00e9galement l\u2019auteur du livre <em>Ce n\u2019est pas africain !<\/em> (2014), consacr\u00e9 \u00e0 la situation de la communaut\u00e9 LGBTQ+ sur le continent.<\/p><p>Il a r\u00e9alis\u00e9 pour les journaux <em>El Pa\u00eds<\/em> et <em>Ara<\/em> le webdocumentaire <em>Double \u00e9pid\u00e9mie<\/em>, avec des experts en sant\u00e9 mondiale provenant de sept pays africains. Sa trajectoire a \u00e9t\u00e9 r\u00e9compens\u00e9e en 2020 au Festival du cin\u00e9ma m\u00e9diterran\u00e9en d\u2019Alexandrie (\u00c9gypte).<\/p><p>\u00c0 AFRIKALDIA, il pr\u00e9sente sa premi\u00e8re fiction, le moyen m\u00e9trage <em>Les Aventures d\u2019Angosat<\/em>, tourn\u00e9 en plan-s\u00e9quence dans les rues de Luanda (Angola). Le film sera \u00e9galement pr\u00e9sent\u00e9 en octobre \u00e0 la foire de musique du monde <em>WOMEX<\/em>, qui se tiendra cette ann\u00e9e en Finlande.<\/p>\t\t\t\t\t\t\t\t<\/div>\n\t\t\t\t<\/div>\n\t\t\t\t\t<\/div>\n\t\t<\/div>\n\t\t\t\t\t<\/div>\n\t\t<\/section>\n\t\t\t\t<section class=\"elementor-section elementor-inner-section elementor-element elementor-element-e6e5b91 elementor-section-boxed elementor-section-height-default elementor-section-height-default qodef-elementor-content-no\" data-id=\"e6e5b91\" data-element_type=\"section\">\n\t\t\t\t\t\t<div class=\"elementor-container elementor-column-gap-default\">\n\t\t\t\t\t<div class=\"elementor-column elementor-col-100 elementor-inner-column elementor-element elementor-element-3c2b284\" data-id=\"3c2b284\" data-element_type=\"column\">\n\t\t\t<div class=\"elementor-widget-wrap elementor-element-populated\">\n\t\t\t\t\t\t<div class=\"elementor-element elementor-element-548aef1 elementor-widget elementor-widget-coppola_core_button\" data-id=\"548aef1\" data-element_type=\"widget\" data-widget_type=\"coppola_core_button.default\">\n\t\t\t\t<div class=\"elementor-widget-container\">\n\t\t\t\t\t<a class=\"qodef-shortcode qodef-m  qodef-button qodef-layout--textual  qodef-skin--default qodef-html--link\" href=\"\/fr\/personnes-invitees\/\" target=\"_self\"  >\n\t<span class=\"qodef-m-text\">PERSONNES INVIT\u00c9ES<svg class=\"qodef-svg--button-arrow\" xmlns=\"http:\/\/www.w3.org\/2000\/svg\" width=\"12.0148\" height=\"12.0143\"\n     viewBox=\"0 0 12.0148 12.0143\"><g><line x1=\"0.7071\" y1=\"11.3071\" x2=\"10.6066\" y2=\"1.4077\"\/><polyline points=\"1.015 1 11.015 1 11.015 11\"\/><\/g><g><line x1=\"0.7071\" y1=\"11.3071\" x2=\"10.6066\" y2=\"1.4077\"\/><polyline points=\"1.015 1 11.015 1 11.015 11\"\/><\/g><\/svg><\/span>\n<\/a>\n\t\t\t\t<\/div>\n\t\t\t\t<\/div>\n\t\t\t\t\t<\/div>\n\t\t<\/div>\n\t\t\t\t\t<\/div>\n\t\t<\/section>\n\t\t\t\t\t<\/div>\n\t\t<\/div>\n\t\t\t\t\t<\/div>\n\t\t<\/section>\n\t\t\t\t<\/div>\n\t\t","protected":false},"excerpt":{"rendered":"<p>Marc Serena BIO Marc Serena (1983) a d\u00e9but\u00e9 avec le long m\u00e9trage documentaire Tchindas (2015), tourn\u00e9 au Cap-Vert, r\u00e9compens\u00e9 au festival Outfest de Los Angeles, finaliste aux prix AMAA de l\u2019Acad\u00e9mie du cin\u00e9ma africain (Nigeria) et diffus\u00e9 par PBS (\u00c9tats-Unis). Plus r\u00e9cemment, il a r\u00e9alis\u00e9 L\u2019\u00e9crivain d\u2019un pays sans librairies (2019), un portrait de la [&hellip;]<\/p>\n","protected":false},"author":1,"featured_media":24113,"comment_status":"closed","ping_status":"closed","sticky":false,"template":"elementor_header_footer","format":"standard","meta":{"_monsterinsights_skip_tracking":false,"_monsterinsights_sitenote_active":false,"_monsterinsights_sitenote_note":"","_monsterinsights_sitenote_category":0,"footnotes":""},"categories":[180],"tags":[],"class_list":["post-24128","post","type-post","status-publish","format-standard","has-post-thumbnail","hentry","category-invitados-2025-fr"],"yoast_head":"<!-- This site is optimized with the Yoast SEO plugin v26.2 - https:\/\/yoast.com\/wordpress\/plugins\/seo\/ -->\n<title>Marc Serena - Afrikaldia \u2013 Festival Vasco de Cines Africanos<\/title>\n<meta name=\"robots\" content=\"index, follow, max-snippet:-1, max-image-preview:large, max-video-preview:-1\" \/>\n<link rel=\"canonical\" href=\"https:\/\/www.afrikaldia.com\/fr\/2025\/10\/16\/marc-serena\/\" \/>\n<meta property=\"og:locale\" content=\"fr_FR\" \/>\n<meta property=\"og:type\" content=\"article\" \/>\n<meta property=\"og:title\" content=\"Marc Serena - Afrikaldia \u2013 Festival Vasco de Cines Africanos\" \/>\n<meta property=\"og:description\" content=\"Marc Serena BIO Marc Serena (1983) a d\u00e9but\u00e9 avec le long m\u00e9trage documentaire Tchindas (2015), tourn\u00e9 au Cap-Vert, r\u00e9compens\u00e9 au festival Outfest de Los Angeles, finaliste aux prix AMAA de l\u2019Acad\u00e9mie du cin\u00e9ma africain (Nigeria) et diffus\u00e9 par PBS (\u00c9tats-Unis). Plus r\u00e9cemment, il a r\u00e9alis\u00e9 L\u2019\u00e9crivain d\u2019un pays sans librairies (2019), un portrait de la [&hellip;]\" \/>\n<meta property=\"og:url\" content=\"https:\/\/www.afrikaldia.com\/fr\/2025\/10\/16\/marc-serena\/\" \/>\n<meta property=\"og:site_name\" content=\"Afrikaldia \u2013 Festival Vasco de Cines Africanos\" \/>\n<meta property=\"article:published_time\" content=\"2025-10-16T08:07:04+00:00\" \/>\n<meta property=\"article:modified_time\" content=\"2025-10-16T09:00:39+00:00\" \/>\n<meta property=\"og:image\" content=\"https:\/\/www.afrikaldia.com\/wp-content\/uploads\/2025\/10\/marc-serena.jpg\" \/>\n\t<meta property=\"og:image:width\" content=\"750\" \/>\n\t<meta property=\"og:image:height\" content=\"750\" \/>\n\t<meta property=\"og:image:type\" content=\"image\/jpeg\" \/>\n<meta name=\"author\" content=\"AdminAfrika\" \/>\n<meta name=\"twitter:card\" content=\"summary_large_image\" \/>\n<meta name=\"twitter:label1\" content=\"\u00c9crit par\" \/>\n\t<meta name=\"twitter:data1\" content=\"AdminAfrika\" \/>\n\t<meta name=\"twitter:label2\" content=\"Dur\u00e9e de lecture estim\u00e9e\" \/>\n\t<meta name=\"twitter:data2\" content=\"2 minutes\" \/>\n<script type=\"application\/ld+json\" class=\"yoast-schema-graph\">{\"@context\":\"https:\/\/schema.org\",\"@graph\":[{\"@type\":\"WebPage\",\"@id\":\"https:\/\/www.afrikaldia.com\/fr\/2025\/10\/16\/marc-serena\/\",\"url\":\"https:\/\/www.afrikaldia.com\/fr\/2025\/10\/16\/marc-serena\/\",\"name\":\"Marc Serena - Afrikaldia \u2013 Festival Vasco de Cines Africanos\",\"isPartOf\":{\"@id\":\"https:\/\/www.afrikaldia.com\/#website\"},\"primaryImageOfPage\":{\"@id\":\"https:\/\/www.afrikaldia.com\/fr\/2025\/10\/16\/marc-serena\/#primaryimage\"},\"image\":{\"@id\":\"https:\/\/www.afrikaldia.com\/fr\/2025\/10\/16\/marc-serena\/#primaryimage\"},\"thumbnailUrl\":\"https:\/\/www.afrikaldia.com\/wp-content\/uploads\/2025\/10\/marc-serena.jpg\",\"datePublished\":\"2025-10-16T08:07:04+00:00\",\"dateModified\":\"2025-10-16T09:00:39+00:00\",\"author\":{\"@id\":\"https:\/\/www.afrikaldia.com\/#\/schema\/person\/638990ad462c5867697fb0382c10f28e\"},\"breadcrumb\":{\"@id\":\"https:\/\/www.afrikaldia.com\/fr\/2025\/10\/16\/marc-serena\/#breadcrumb\"},\"inLanguage\":\"fr-FR\",\"potentialAction\":[{\"@type\":\"ReadAction\",\"target\":[\"https:\/\/www.afrikaldia.com\/fr\/2025\/10\/16\/marc-serena\/\"]}]},{\"@type\":\"ImageObject\",\"inLanguage\":\"fr-FR\",\"@id\":\"https:\/\/www.afrikaldia.com\/fr\/2025\/10\/16\/marc-serena\/#primaryimage\",\"url\":\"https:\/\/www.afrikaldia.com\/wp-content\/uploads\/2025\/10\/marc-serena.jpg\",\"contentUrl\":\"https:\/\/www.afrikaldia.com\/wp-content\/uploads\/2025\/10\/marc-serena.jpg\",\"width\":750,\"height\":750},{\"@type\":\"BreadcrumbList\",\"@id\":\"https:\/\/www.afrikaldia.com\/fr\/2025\/10\/16\/marc-serena\/#breadcrumb\",\"itemListElement\":[{\"@type\":\"ListItem\",\"position\":1,\"name\":\"Portada\",\"item\":\"https:\/\/www.afrikaldia.com\/fr\/\"},{\"@type\":\"ListItem\",\"position\":2,\"name\":\"Marc Serena\"}]},{\"@type\":\"WebSite\",\"@id\":\"https:\/\/www.afrikaldia.com\/#website\",\"url\":\"https:\/\/www.afrikaldia.com\/\",\"name\":\"Afrikaldia \u2013 Festival Vasco de Cines Africanos\",\"description\":\"AFRIKALDIA es un festival internacional de cine de car\u00e1cter competitivo, dirigido a todos los p\u00fablicos.\",\"potentialAction\":[{\"@type\":\"SearchAction\",\"target\":{\"@type\":\"EntryPoint\",\"urlTemplate\":\"https:\/\/www.afrikaldia.com\/?s={search_term_string}\"},\"query-input\":{\"@type\":\"PropertyValueSpecification\",\"valueRequired\":true,\"valueName\":\"search_term_string\"}}],\"inLanguage\":\"fr-FR\"},{\"@type\":\"Person\",\"@id\":\"https:\/\/www.afrikaldia.com\/#\/schema\/person\/638990ad462c5867697fb0382c10f28e\",\"name\":\"AdminAfrika\",\"image\":{\"@type\":\"ImageObject\",\"inLanguage\":\"fr-FR\",\"@id\":\"https:\/\/www.afrikaldia.com\/#\/schema\/person\/image\/\",\"url\":\"https:\/\/www.afrikaldia.com\/wp-content\/litespeed\/avatar\/f9f62e4a8710aed3b945aca4f2756f19.jpg?ver=1777444892\",\"contentUrl\":\"https:\/\/www.afrikaldia.com\/wp-content\/litespeed\/avatar\/f9f62e4a8710aed3b945aca4f2756f19.jpg?ver=1777444892\",\"caption\":\"AdminAfrika\"},\"sameAs\":[\"https:\/\/www.afrikaldia.com\"],\"url\":\"https:\/\/www.afrikaldia.com\/fr\/author\/AdminAfrika\/\"}]}<\/script>\n<!-- \/ Yoast SEO plugin. -->","yoast_head_json":{"title":"Marc Serena - Afrikaldia \u2013 Festival Vasco de Cines Africanos","robots":{"index":"index","follow":"follow","max-snippet":"max-snippet:-1","max-image-preview":"max-image-preview:large","max-video-preview":"max-video-preview:-1"},"canonical":"https:\/\/www.afrikaldia.com\/fr\/2025\/10\/16\/marc-serena\/","og_locale":"fr_FR","og_type":"article","og_title":"Marc Serena - Afrikaldia \u2013 Festival Vasco de Cines Africanos","og_description":"Marc Serena BIO Marc Serena (1983) a d\u00e9but\u00e9 avec le long m\u00e9trage documentaire Tchindas (2015), tourn\u00e9 au Cap-Vert, r\u00e9compens\u00e9 au festival Outfest de Los Angeles, finaliste aux prix AMAA de l\u2019Acad\u00e9mie du cin\u00e9ma africain (Nigeria) et diffus\u00e9 par PBS (\u00c9tats-Unis). Plus r\u00e9cemment, il a r\u00e9alis\u00e9 L\u2019\u00e9crivain d\u2019un pays sans librairies (2019), un portrait de la [&hellip;]","og_url":"https:\/\/www.afrikaldia.com\/fr\/2025\/10\/16\/marc-serena\/","og_site_name":"Afrikaldia \u2013 Festival Vasco de Cines Africanos","article_published_time":"2025-10-16T08:07:04+00:00","article_modified_time":"2025-10-16T09:00:39+00:00","og_image":[{"width":750,"height":750,"url":"https:\/\/www.afrikaldia.com\/wp-content\/uploads\/2025\/10\/marc-serena.jpg","type":"image\/jpeg"}],"author":"AdminAfrika","twitter_card":"summary_large_image","twitter_misc":{"\u00c9crit par":"AdminAfrika","Dur\u00e9e de lecture estim\u00e9e":"2 minutes"},"schema":{"@context":"https:\/\/schema.org","@graph":[{"@type":"WebPage","@id":"https:\/\/www.afrikaldia.com\/fr\/2025\/10\/16\/marc-serena\/","url":"https:\/\/www.afrikaldia.com\/fr\/2025\/10\/16\/marc-serena\/","name":"Marc Serena - Afrikaldia \u2013 Festival Vasco de Cines Africanos","isPartOf":{"@id":"https:\/\/www.afrikaldia.com\/#website"},"primaryImageOfPage":{"@id":"https:\/\/www.afrikaldia.com\/fr\/2025\/10\/16\/marc-serena\/#primaryimage"},"image":{"@id":"https:\/\/www.afrikaldia.com\/fr\/2025\/10\/16\/marc-serena\/#primaryimage"},"thumbnailUrl":"https:\/\/www.afrikaldia.com\/wp-content\/uploads\/2025\/10\/marc-serena.jpg","datePublished":"2025-10-16T08:07:04+00:00","dateModified":"2025-10-16T09:00:39+00:00","author":{"@id":"https:\/\/www.afrikaldia.com\/#\/schema\/person\/638990ad462c5867697fb0382c10f28e"},"breadcrumb":{"@id":"https:\/\/www.afrikaldia.com\/fr\/2025\/10\/16\/marc-serena\/#breadcrumb"},"inLanguage":"fr-FR","potentialAction":[{"@type":"ReadAction","target":["https:\/\/www.afrikaldia.com\/fr\/2025\/10\/16\/marc-serena\/"]}]},{"@type":"ImageObject","inLanguage":"fr-FR","@id":"https:\/\/www.afrikaldia.com\/fr\/2025\/10\/16\/marc-serena\/#primaryimage","url":"https:\/\/www.afrikaldia.com\/wp-content\/uploads\/2025\/10\/marc-serena.jpg","contentUrl":"https:\/\/www.afrikaldia.com\/wp-content\/uploads\/2025\/10\/marc-serena.jpg","width":750,"height":750},{"@type":"BreadcrumbList","@id":"https:\/\/www.afrikaldia.com\/fr\/2025\/10\/16\/marc-serena\/#breadcrumb","itemListElement":[{"@type":"ListItem","position":1,"name":"Portada","item":"https:\/\/www.afrikaldia.com\/fr\/"},{"@type":"ListItem","position":2,"name":"Marc Serena"}]},{"@type":"WebSite","@id":"https:\/\/www.afrikaldia.com\/#website","url":"https:\/\/www.afrikaldia.com\/","name":"Afrikaldia \u2013 Festival Vasco de Cines Africanos","description":"AFRIKALDIA es un festival internacional de cine de car\u00e1cter competitivo, dirigido a todos los p\u00fablicos.","potentialAction":[{"@type":"SearchAction","target":{"@type":"EntryPoint","urlTemplate":"https:\/\/www.afrikaldia.com\/?s={search_term_string}"},"query-input":{"@type":"PropertyValueSpecification","valueRequired":true,"valueName":"search_term_string"}}],"inLanguage":"fr-FR"},{"@type":"Person","@id":"https:\/\/www.afrikaldia.com\/#\/schema\/person\/638990ad462c5867697fb0382c10f28e","name":"AdminAfrika","image":{"@type":"ImageObject","inLanguage":"fr-FR","@id":"https:\/\/www.afrikaldia.com\/#\/schema\/person\/image\/","url":"https:\/\/www.afrikaldia.com\/wp-content\/litespeed\/avatar\/f9f62e4a8710aed3b945aca4f2756f19.jpg?ver=1777444892","contentUrl":"https:\/\/www.afrikaldia.com\/wp-content\/litespeed\/avatar\/f9f62e4a8710aed3b945aca4f2756f19.jpg?ver=1777444892","caption":"AdminAfrika"},"sameAs":["https:\/\/www.afrikaldia.com"],"url":"https:\/\/www.afrikaldia.com\/fr\/author\/AdminAfrika\/"}]}},"_links":{"self":[{"href":"https:\/\/www.afrikaldia.com\/fr\/wp-json\/wp\/v2\/posts\/24128","targetHints":{"allow":["GET"]}}],"collection":[{"href":"https:\/\/www.afrikaldia.com\/fr\/wp-json\/wp\/v2\/posts"}],"about":[{"href":"https:\/\/www.afrikaldia.com\/fr\/wp-json\/wp\/v2\/types\/post"}],"author":[{"embeddable":true,"href":"https:\/\/www.afrikaldia.com\/fr\/wp-json\/wp\/v2\/users\/1"}],"replies":[{"embeddable":true,"href":"https:\/\/www.afrikaldia.com\/fr\/wp-json\/wp\/v2\/comments?post=24128"}],"version-history":[{"count":4,"href":"https:\/\/www.afrikaldia.com\/fr\/wp-json\/wp\/v2\/posts\/24128\/revisions"}],"predecessor-version":[{"id":24139,"href":"https:\/\/www.afrikaldia.com\/fr\/wp-json\/wp\/v2\/posts\/24128\/revisions\/24139"}],"wp:featuredmedia":[{"embeddable":true,"href":"https:\/\/www.afrikaldia.com\/fr\/wp-json\/wp\/v2\/media\/24113"}],"wp:attachment":[{"href":"https:\/\/www.afrikaldia.com\/fr\/wp-json\/wp\/v2\/media?parent=24128"}],"wp:term":[{"taxonomy":"category","embeddable":true,"href":"https:\/\/www.afrikaldia.com\/fr\/wp-json\/wp\/v2\/categories?post=24128"},{"taxonomy":"post_tag","embeddable":true,"href":"https:\/\/www.afrikaldia.com\/fr\/wp-json\/wp\/v2\/tags?post=24128"}],"curies":[{"name":"wp","href":"https:\/\/api.w.org\/{rel}","templated":true}]}}