{"id":23959,"date":"2025-10-14T12:50:37","date_gmt":"2025-10-14T12:50:37","guid":{"rendered":"https:\/\/www.afrikaldia.com\/2025\/10\/14\/sambou-diaby\/"},"modified":"2025-10-21T17:53:23","modified_gmt":"2025-10-21T17:53:23","slug":"sambou-diaby","status":"publish","type":"post","link":"https:\/\/www.afrikaldia.com\/fr\/2025\/10\/14\/sambou-diaby\/","title":{"rendered":"Sambou Diaby"},"content":{"rendered":"\t\t<div data-elementor-type=\"wp-post\" data-elementor-id=\"23959\" class=\"elementor elementor-23959 elementor-23946\">\n\t\t\t\t\t\t<section class=\"elementor-section elementor-top-section elementor-element elementor-element-ec9864a elementor-section-boxed elementor-section-height-default elementor-section-height-default qodef-elementor-content-no\" data-id=\"ec9864a\" data-element_type=\"section\">\n\t\t\t\t\t\t<div class=\"elementor-container elementor-column-gap-default\">\n\t\t\t\t\t<div class=\"elementor-column elementor-col-100 elementor-top-column elementor-element elementor-element-e8bf106\" data-id=\"e8bf106\" data-element_type=\"column\">\n\t\t\t<div class=\"elementor-widget-wrap elementor-element-populated\">\n\t\t\t\t\t\t<section class=\"elementor-section elementor-inner-section elementor-element elementor-element-f223020 elementor-section-boxed elementor-section-height-default elementor-section-height-default qodef-elementor-content-no\" data-id=\"f223020\" data-element_type=\"section\">\n\t\t\t\t\t\t<div class=\"elementor-container elementor-column-gap-default\">\n\t\t\t\t\t<div class=\"elementor-column elementor-col-100 elementor-inner-column elementor-element elementor-element-f74ee49\" data-id=\"f74ee49\" data-element_type=\"column\">\n\t\t\t<div class=\"elementor-widget-wrap elementor-element-populated\">\n\t\t\t\t\t\t<div class=\"elementor-element elementor-element-8f0039a elementor-widget elementor-widget-coppola_core_section_title\" data-id=\"8f0039a\" data-element_type=\"widget\" data-widget_type=\"coppola_core_section_title.default\">\n\t\t\t\t<div class=\"elementor-widget-container\">\n\t\t\t\t\t<div class=\"qodef-shortcode qodef-m  qodef-section-title qodef-alignment--left \">\n\t\t\t<h2 class=\"qodef-m-title\" >\n\t\t\t\t\tSambou Diaby\t\t\t<\/h2>\n\t\t<\/div>\n\t\t\t\t<\/div>\n\t\t\t\t<\/div>\n\t\t\t\t\t<\/div>\n\t\t<\/div>\n\t\t\t\t\t<\/div>\n\t\t<\/section>\n\t\t\t\t<section class=\"elementor-section elementor-inner-section elementor-element elementor-element-f45164e elementor-section-boxed elementor-section-height-default elementor-section-height-default qodef-elementor-content-no\" data-id=\"f45164e\" data-element_type=\"section\">\n\t\t\t\t\t\t<div class=\"elementor-container elementor-column-gap-default\">\n\t\t\t\t\t<div class=\"elementor-column elementor-col-50 elementor-inner-column elementor-element elementor-element-0994d97\" data-id=\"0994d97\" data-element_type=\"column\">\n\t\t\t<div class=\"elementor-widget-wrap elementor-element-populated\">\n\t\t\t\t\t\t<div class=\"elementor-element elementor-element-24cb30f elementor-widget elementor-widget-image\" data-id=\"24cb30f\" data-element_type=\"widget\" data-widget_type=\"image.default\">\n\t\t\t\t<div class=\"elementor-widget-container\">\n\t\t\t\t\t\t\t\t\t\t\t\t\t\t\t<img fetchpriority=\"high\" decoding=\"async\" width=\"1000\" height=\"1000\" src=\"https:\/\/www.afrikaldia.com\/wp-content\/uploads\/2025\/10\/Sambou-Diaby.jpg\" class=\"attachment-full size-full wp-image-23949\" alt=\"\" srcset=\"https:\/\/www.afrikaldia.com\/wp-content\/uploads\/2025\/10\/Sambou-Diaby.jpg 1000w, https:\/\/www.afrikaldia.com\/wp-content\/uploads\/2025\/10\/Sambou-Diaby-300x300.jpg 300w, https:\/\/www.afrikaldia.com\/wp-content\/uploads\/2025\/10\/Sambou-Diaby-150x150.jpg 150w, https:\/\/www.afrikaldia.com\/wp-content\/uploads\/2025\/10\/Sambou-Diaby-768x768.jpg 768w, https:\/\/www.afrikaldia.com\/wp-content\/uploads\/2025\/10\/Sambou-Diaby-650x650.jpg 650w\" sizes=\"(max-width: 1000px) 100vw, 1000px\" \/>\t\t\t\t\t\t\t\t\t\t\t\t\t\t\t<\/div>\n\t\t\t\t<\/div>\n\t\t\t\t\t<\/div>\n\t\t<\/div>\n\t\t\t\t<div class=\"elementor-column elementor-col-50 elementor-inner-column elementor-element elementor-element-1645de3\" data-id=\"1645de3\" data-element_type=\"column\">\n\t\t\t<div class=\"elementor-widget-wrap elementor-element-populated\">\n\t\t\t\t\t\t<div class=\"elementor-element elementor-element-d95682b elementor-widget elementor-widget-text-editor\" data-id=\"d95682b\" data-element_type=\"widget\" data-widget_type=\"text-editor.default\">\n\t\t\t\t<div class=\"elementor-widget-container\">\n\t\t\t\t\t\t\t\t\t<p><b><span data-contrast=\"none\">BIO<\/span><\/b><\/p><p>Acteur basque n\u00e9 \u00e0 Pampelune et d&rsquo;origine s\u00e9n\u00e9galaise, Sambou Diaby vit actuellement \u00e0 Oikia (Zumaia). Sa carri\u00e8re artistique a d\u00e9but\u00e9 en 2016, lorsqu&rsquo;il a particip\u00e9 comme danseur et figurant sp\u00e9cial \u00e0 la s\u00e9rie <em>Goazen 3.0<\/em>. Depuis, son engagement en tant qu&rsquo;acteur n&rsquo;a fait que cro\u00eetre.<\/p><p>Form\u00e9 \u00e0 l&rsquo;\u00e9cole TAE de Saint-S\u00e9bastien, Sambou a poursuivi ses \u00e9tudes \u00e0 Madrid, se sp\u00e9cialisant dans le jeu d&rsquo;acteur, o\u00f9 il a \u00e9t\u00e9 s\u00e9lectionn\u00e9 pour int\u00e9grer <em>La Joven Compa\u00f1\u00eda <\/em>de Madrid. Il a ensuite approfondi sa formation \u00e0 Barcelone avec le cours intensif <em>AfrikaMoment <\/em>, ax\u00e9 sur l&rsquo;\u00e9mancipation artistique des cr\u00e9ateurs afro-descendants en Espagne.<\/p><p>Concernant sa carri\u00e8re professionnelle, Sambou a particip\u00e9 \u00e0 des projets de cin\u00e9ma, de t\u00e9l\u00e9vision et de courts m\u00e9trages. Parmi ses \u0153uvres notables, on compte les courts m\u00e9trages <em>Muga<\/em>, <em>Laiotz <\/em>(en tant qu&rsquo;acteur principal et sc\u00e9nariste) et <em>La luz de los domingos<\/em>; ainsi que sa participation \u00e0 des s\u00e9ries comme <em>Altsasu<\/em>, <em>Itxaso <\/em>et <em>Odol Ilargia<\/em>. Au cin\u00e9ma, il a jou\u00e9 dans le film <em>L&rsquo;\u00cele des Faisans<\/em>, et a \u00e9galement travaill\u00e9 sur <em>The Osha<\/em> <em>Rule <\/em>et <em>The Hole 2<\/em>.<\/p><p>Avec un regard honn\u00eate et une pr\u00e9sence sc\u00e9nique puissante, Sambou Diaby repr\u00e9sente une nouvelle g\u00e9n\u00e9ration d\u2019artistes engag\u00e9s dans la diversit\u00e9, l\u2019expression et l\u2019art avec un but.<\/p>\t\t\t\t\t\t\t\t<\/div>\n\t\t\t\t<\/div>\n\t\t\t\t\t<\/div>\n\t\t<\/div>\n\t\t\t\t\t<\/div>\n\t\t<\/section>\n\t\t\t\t<section class=\"elementor-section elementor-inner-section elementor-element elementor-element-df41c93 elementor-section-boxed elementor-section-height-default elementor-section-height-default qodef-elementor-content-no\" data-id=\"df41c93\" data-element_type=\"section\">\n\t\t\t\t\t\t<div class=\"elementor-container elementor-column-gap-default\">\n\t\t\t\t\t<div class=\"elementor-column elementor-col-100 elementor-inner-column elementor-element elementor-element-8239dea\" data-id=\"8239dea\" data-element_type=\"column\">\n\t\t\t<div class=\"elementor-widget-wrap elementor-element-populated\">\n\t\t\t\t\t\t<div class=\"elementor-element elementor-element-6b4d306 elementor-widget elementor-widget-coppola_core_button\" data-id=\"6b4d306\" data-element_type=\"widget\" data-widget_type=\"coppola_core_button.default\">\n\t\t\t\t<div class=\"elementor-widget-container\">\n\t\t\t\t\t<a class=\"qodef-shortcode qodef-m  qodef-button qodef-layout--textual  qodef-skin--default qodef-html--link\" href=\"\/fr\/personnes-invitees\/\" target=\"_self\"  >\n\t<span class=\"qodef-m-text\">PERSONNES INVIT\u00c9ES<svg class=\"qodef-svg--button-arrow\" xmlns=\"http:\/\/www.w3.org\/2000\/svg\" width=\"12.0148\" height=\"12.0143\"\n     viewBox=\"0 0 12.0148 12.0143\"><g><line x1=\"0.7071\" y1=\"11.3071\" x2=\"10.6066\" y2=\"1.4077\"\/><polyline points=\"1.015 1 11.015 1 11.015 11\"\/><\/g><g><line x1=\"0.7071\" y1=\"11.3071\" x2=\"10.6066\" y2=\"1.4077\"\/><polyline points=\"1.015 1 11.015 1 11.015 11\"\/><\/g><\/svg><\/span>\n<\/a>\n\t\t\t\t<\/div>\n\t\t\t\t<\/div>\n\t\t\t\t\t<\/div>\n\t\t<\/div>\n\t\t\t\t\t<\/div>\n\t\t<\/section>\n\t\t\t\t\t<\/div>\n\t\t<\/div>\n\t\t\t\t\t<\/div>\n\t\t<\/section>\n\t\t\t\t<\/div>\n\t\t","protected":false},"excerpt":{"rendered":"<p>Sambou Diaby BIO Acteur basque n\u00e9 \u00e0 Pampelune et d&rsquo;origine s\u00e9n\u00e9galaise, Sambou Diaby vit actuellement \u00e0 Oikia (Zumaia). Sa carri\u00e8re artistique a d\u00e9but\u00e9 en 2016, lorsqu&rsquo;il a particip\u00e9 comme danseur et figurant sp\u00e9cial \u00e0 la s\u00e9rie Goazen 3.0. Depuis, son engagement en tant qu&rsquo;acteur n&rsquo;a fait que cro\u00eetre. Form\u00e9 \u00e0 l&rsquo;\u00e9cole TAE de Saint-S\u00e9bastien, Sambou [&hellip;]<\/p>\n","protected":false},"author":1,"featured_media":23949,"comment_status":"closed","ping_status":"closed","sticky":false,"template":"elementor_header_footer","format":"standard","meta":{"_monsterinsights_skip_tracking":false,"_monsterinsights_sitenote_active":false,"_monsterinsights_sitenote_note":"","_monsterinsights_sitenote_category":0,"footnotes":""},"categories":[180],"tags":[],"class_list":["post-23959","post","type-post","status-publish","format-standard","has-post-thumbnail","hentry","category-invitados-2025-fr"],"yoast_head":"<!-- This site is optimized with the Yoast SEO plugin v26.2 - https:\/\/yoast.com\/wordpress\/plugins\/seo\/ -->\n<title>Sambou Diaby - Afrikaldia \u2013 Festival Vasco de Cines Africanos<\/title>\n<meta name=\"robots\" content=\"index, follow, max-snippet:-1, max-image-preview:large, max-video-preview:-1\" \/>\n<link rel=\"canonical\" href=\"https:\/\/www.afrikaldia.com\/fr\/2025\/10\/14\/sambou-diaby\/\" \/>\n<meta property=\"og:locale\" content=\"fr_FR\" \/>\n<meta property=\"og:type\" content=\"article\" \/>\n<meta property=\"og:title\" content=\"Sambou Diaby - Afrikaldia \u2013 Festival Vasco de Cines Africanos\" \/>\n<meta property=\"og:description\" content=\"Sambou Diaby BIO Acteur basque n\u00e9 \u00e0 Pampelune et d&rsquo;origine s\u00e9n\u00e9galaise, Sambou Diaby vit actuellement \u00e0 Oikia (Zumaia). Sa carri\u00e8re artistique a d\u00e9but\u00e9 en 2016, lorsqu&rsquo;il a particip\u00e9 comme danseur et figurant sp\u00e9cial \u00e0 la s\u00e9rie Goazen 3.0. Depuis, son engagement en tant qu&rsquo;acteur n&rsquo;a fait que cro\u00eetre. Form\u00e9 \u00e0 l&rsquo;\u00e9cole TAE de Saint-S\u00e9bastien, Sambou [&hellip;]\" \/>\n<meta property=\"og:url\" content=\"https:\/\/www.afrikaldia.com\/fr\/2025\/10\/14\/sambou-diaby\/\" \/>\n<meta property=\"og:site_name\" content=\"Afrikaldia \u2013 Festival Vasco de Cines Africanos\" \/>\n<meta property=\"article:published_time\" content=\"2025-10-14T12:50:37+00:00\" \/>\n<meta property=\"article:modified_time\" content=\"2025-10-21T17:53:23+00:00\" \/>\n<meta property=\"og:image\" content=\"https:\/\/www.afrikaldia.com\/wp-content\/uploads\/2025\/10\/Sambou-Diaby.jpg\" \/>\n\t<meta property=\"og:image:width\" content=\"1000\" \/>\n\t<meta property=\"og:image:height\" content=\"1000\" \/>\n\t<meta property=\"og:image:type\" content=\"image\/jpeg\" \/>\n<meta name=\"author\" content=\"AdminAfrika\" \/>\n<meta name=\"twitter:card\" content=\"summary_large_image\" \/>\n<meta name=\"twitter:label1\" content=\"\u00c9crit par\" \/>\n\t<meta name=\"twitter:data1\" content=\"AdminAfrika\" \/>\n\t<meta name=\"twitter:label2\" content=\"Dur\u00e9e de lecture estim\u00e9e\" \/>\n\t<meta name=\"twitter:data2\" content=\"2 minutes\" \/>\n<script type=\"application\/ld+json\" class=\"yoast-schema-graph\">{\"@context\":\"https:\/\/schema.org\",\"@graph\":[{\"@type\":\"WebPage\",\"@id\":\"https:\/\/www.afrikaldia.com\/fr\/2025\/10\/14\/sambou-diaby\/\",\"url\":\"https:\/\/www.afrikaldia.com\/fr\/2025\/10\/14\/sambou-diaby\/\",\"name\":\"Sambou Diaby - Afrikaldia \u2013 Festival Vasco de Cines Africanos\",\"isPartOf\":{\"@id\":\"https:\/\/www.afrikaldia.com\/#website\"},\"primaryImageOfPage\":{\"@id\":\"https:\/\/www.afrikaldia.com\/fr\/2025\/10\/14\/sambou-diaby\/#primaryimage\"},\"image\":{\"@id\":\"https:\/\/www.afrikaldia.com\/fr\/2025\/10\/14\/sambou-diaby\/#primaryimage\"},\"thumbnailUrl\":\"https:\/\/www.afrikaldia.com\/wp-content\/uploads\/2025\/10\/Sambou-Diaby.jpg\",\"datePublished\":\"2025-10-14T12:50:37+00:00\",\"dateModified\":\"2025-10-21T17:53:23+00:00\",\"author\":{\"@id\":\"https:\/\/www.afrikaldia.com\/#\/schema\/person\/638990ad462c5867697fb0382c10f28e\"},\"breadcrumb\":{\"@id\":\"https:\/\/www.afrikaldia.com\/fr\/2025\/10\/14\/sambou-diaby\/#breadcrumb\"},\"inLanguage\":\"fr-FR\",\"potentialAction\":[{\"@type\":\"ReadAction\",\"target\":[\"https:\/\/www.afrikaldia.com\/fr\/2025\/10\/14\/sambou-diaby\/\"]}]},{\"@type\":\"ImageObject\",\"inLanguage\":\"fr-FR\",\"@id\":\"https:\/\/www.afrikaldia.com\/fr\/2025\/10\/14\/sambou-diaby\/#primaryimage\",\"url\":\"https:\/\/www.afrikaldia.com\/wp-content\/uploads\/2025\/10\/Sambou-Diaby.jpg\",\"contentUrl\":\"https:\/\/www.afrikaldia.com\/wp-content\/uploads\/2025\/10\/Sambou-Diaby.jpg\",\"width\":1000,\"height\":1000},{\"@type\":\"BreadcrumbList\",\"@id\":\"https:\/\/www.afrikaldia.com\/fr\/2025\/10\/14\/sambou-diaby\/#breadcrumb\",\"itemListElement\":[{\"@type\":\"ListItem\",\"position\":1,\"name\":\"Portada\",\"item\":\"https:\/\/www.afrikaldia.com\/fr\/\"},{\"@type\":\"ListItem\",\"position\":2,\"name\":\"Sambou Diaby\"}]},{\"@type\":\"WebSite\",\"@id\":\"https:\/\/www.afrikaldia.com\/#website\",\"url\":\"https:\/\/www.afrikaldia.com\/\",\"name\":\"Afrikaldia \u2013 Festival Vasco de Cines Africanos\",\"description\":\"AFRIKALDIA es un festival internacional de cine de car\u00e1cter competitivo, dirigido a todos los p\u00fablicos.\",\"potentialAction\":[{\"@type\":\"SearchAction\",\"target\":{\"@type\":\"EntryPoint\",\"urlTemplate\":\"https:\/\/www.afrikaldia.com\/?s={search_term_string}\"},\"query-input\":{\"@type\":\"PropertyValueSpecification\",\"valueRequired\":true,\"valueName\":\"search_term_string\"}}],\"inLanguage\":\"fr-FR\"},{\"@type\":\"Person\",\"@id\":\"https:\/\/www.afrikaldia.com\/#\/schema\/person\/638990ad462c5867697fb0382c10f28e\",\"name\":\"AdminAfrika\",\"image\":{\"@type\":\"ImageObject\",\"inLanguage\":\"fr-FR\",\"@id\":\"https:\/\/www.afrikaldia.com\/#\/schema\/person\/image\/\",\"url\":\"https:\/\/www.afrikaldia.com\/wp-content\/litespeed\/avatar\/f9f62e4a8710aed3b945aca4f2756f19.jpg?ver=1776840047\",\"contentUrl\":\"https:\/\/www.afrikaldia.com\/wp-content\/litespeed\/avatar\/f9f62e4a8710aed3b945aca4f2756f19.jpg?ver=1776840047\",\"caption\":\"AdminAfrika\"},\"sameAs\":[\"https:\/\/www.afrikaldia.com\"],\"url\":\"https:\/\/www.afrikaldia.com\/fr\/author\/AdminAfrika\/\"}]}<\/script>\n<!-- \/ Yoast SEO plugin. -->","yoast_head_json":{"title":"Sambou Diaby - Afrikaldia \u2013 Festival Vasco de Cines Africanos","robots":{"index":"index","follow":"follow","max-snippet":"max-snippet:-1","max-image-preview":"max-image-preview:large","max-video-preview":"max-video-preview:-1"},"canonical":"https:\/\/www.afrikaldia.com\/fr\/2025\/10\/14\/sambou-diaby\/","og_locale":"fr_FR","og_type":"article","og_title":"Sambou Diaby - Afrikaldia \u2013 Festival Vasco de Cines Africanos","og_description":"Sambou Diaby BIO Acteur basque n\u00e9 \u00e0 Pampelune et d&rsquo;origine s\u00e9n\u00e9galaise, Sambou Diaby vit actuellement \u00e0 Oikia (Zumaia). Sa carri\u00e8re artistique a d\u00e9but\u00e9 en 2016, lorsqu&rsquo;il a particip\u00e9 comme danseur et figurant sp\u00e9cial \u00e0 la s\u00e9rie Goazen 3.0. Depuis, son engagement en tant qu&rsquo;acteur n&rsquo;a fait que cro\u00eetre. Form\u00e9 \u00e0 l&rsquo;\u00e9cole TAE de Saint-S\u00e9bastien, Sambou [&hellip;]","og_url":"https:\/\/www.afrikaldia.com\/fr\/2025\/10\/14\/sambou-diaby\/","og_site_name":"Afrikaldia \u2013 Festival Vasco de Cines Africanos","article_published_time":"2025-10-14T12:50:37+00:00","article_modified_time":"2025-10-21T17:53:23+00:00","og_image":[{"width":1000,"height":1000,"url":"https:\/\/www.afrikaldia.com\/wp-content\/uploads\/2025\/10\/Sambou-Diaby.jpg","type":"image\/jpeg"}],"author":"AdminAfrika","twitter_card":"summary_large_image","twitter_misc":{"\u00c9crit par":"AdminAfrika","Dur\u00e9e de lecture estim\u00e9e":"2 minutes"},"schema":{"@context":"https:\/\/schema.org","@graph":[{"@type":"WebPage","@id":"https:\/\/www.afrikaldia.com\/fr\/2025\/10\/14\/sambou-diaby\/","url":"https:\/\/www.afrikaldia.com\/fr\/2025\/10\/14\/sambou-diaby\/","name":"Sambou Diaby - Afrikaldia \u2013 Festival Vasco de Cines Africanos","isPartOf":{"@id":"https:\/\/www.afrikaldia.com\/#website"},"primaryImageOfPage":{"@id":"https:\/\/www.afrikaldia.com\/fr\/2025\/10\/14\/sambou-diaby\/#primaryimage"},"image":{"@id":"https:\/\/www.afrikaldia.com\/fr\/2025\/10\/14\/sambou-diaby\/#primaryimage"},"thumbnailUrl":"https:\/\/www.afrikaldia.com\/wp-content\/uploads\/2025\/10\/Sambou-Diaby.jpg","datePublished":"2025-10-14T12:50:37+00:00","dateModified":"2025-10-21T17:53:23+00:00","author":{"@id":"https:\/\/www.afrikaldia.com\/#\/schema\/person\/638990ad462c5867697fb0382c10f28e"},"breadcrumb":{"@id":"https:\/\/www.afrikaldia.com\/fr\/2025\/10\/14\/sambou-diaby\/#breadcrumb"},"inLanguage":"fr-FR","potentialAction":[{"@type":"ReadAction","target":["https:\/\/www.afrikaldia.com\/fr\/2025\/10\/14\/sambou-diaby\/"]}]},{"@type":"ImageObject","inLanguage":"fr-FR","@id":"https:\/\/www.afrikaldia.com\/fr\/2025\/10\/14\/sambou-diaby\/#primaryimage","url":"https:\/\/www.afrikaldia.com\/wp-content\/uploads\/2025\/10\/Sambou-Diaby.jpg","contentUrl":"https:\/\/www.afrikaldia.com\/wp-content\/uploads\/2025\/10\/Sambou-Diaby.jpg","width":1000,"height":1000},{"@type":"BreadcrumbList","@id":"https:\/\/www.afrikaldia.com\/fr\/2025\/10\/14\/sambou-diaby\/#breadcrumb","itemListElement":[{"@type":"ListItem","position":1,"name":"Portada","item":"https:\/\/www.afrikaldia.com\/fr\/"},{"@type":"ListItem","position":2,"name":"Sambou Diaby"}]},{"@type":"WebSite","@id":"https:\/\/www.afrikaldia.com\/#website","url":"https:\/\/www.afrikaldia.com\/","name":"Afrikaldia \u2013 Festival Vasco de Cines Africanos","description":"AFRIKALDIA es un festival internacional de cine de car\u00e1cter competitivo, dirigido a todos los p\u00fablicos.","potentialAction":[{"@type":"SearchAction","target":{"@type":"EntryPoint","urlTemplate":"https:\/\/www.afrikaldia.com\/?s={search_term_string}"},"query-input":{"@type":"PropertyValueSpecification","valueRequired":true,"valueName":"search_term_string"}}],"inLanguage":"fr-FR"},{"@type":"Person","@id":"https:\/\/www.afrikaldia.com\/#\/schema\/person\/638990ad462c5867697fb0382c10f28e","name":"AdminAfrika","image":{"@type":"ImageObject","inLanguage":"fr-FR","@id":"https:\/\/www.afrikaldia.com\/#\/schema\/person\/image\/","url":"https:\/\/www.afrikaldia.com\/wp-content\/litespeed\/avatar\/f9f62e4a8710aed3b945aca4f2756f19.jpg?ver=1776840047","contentUrl":"https:\/\/www.afrikaldia.com\/wp-content\/litespeed\/avatar\/f9f62e4a8710aed3b945aca4f2756f19.jpg?ver=1776840047","caption":"AdminAfrika"},"sameAs":["https:\/\/www.afrikaldia.com"],"url":"https:\/\/www.afrikaldia.com\/fr\/author\/AdminAfrika\/"}]}},"_links":{"self":[{"href":"https:\/\/www.afrikaldia.com\/fr\/wp-json\/wp\/v2\/posts\/23959","targetHints":{"allow":["GET"]}}],"collection":[{"href":"https:\/\/www.afrikaldia.com\/fr\/wp-json\/wp\/v2\/posts"}],"about":[{"href":"https:\/\/www.afrikaldia.com\/fr\/wp-json\/wp\/v2\/types\/post"}],"author":[{"embeddable":true,"href":"https:\/\/www.afrikaldia.com\/fr\/wp-json\/wp\/v2\/users\/1"}],"replies":[{"embeddable":true,"href":"https:\/\/www.afrikaldia.com\/fr\/wp-json\/wp\/v2\/comments?post=23959"}],"version-history":[{"count":8,"href":"https:\/\/www.afrikaldia.com\/fr\/wp-json\/wp\/v2\/posts\/23959\/revisions"}],"predecessor-version":[{"id":24132,"href":"https:\/\/www.afrikaldia.com\/fr\/wp-json\/wp\/v2\/posts\/23959\/revisions\/24132"}],"wp:featuredmedia":[{"embeddable":true,"href":"https:\/\/www.afrikaldia.com\/fr\/wp-json\/wp\/v2\/media\/23949"}],"wp:attachment":[{"href":"https:\/\/www.afrikaldia.com\/fr\/wp-json\/wp\/v2\/media?parent=23959"}],"wp:term":[{"taxonomy":"category","embeddable":true,"href":"https:\/\/www.afrikaldia.com\/fr\/wp-json\/wp\/v2\/categories?post=23959"},{"taxonomy":"post_tag","embeddable":true,"href":"https:\/\/www.afrikaldia.com\/fr\/wp-json\/wp\/v2\/tags?post=23959"}],"curies":[{"name":"wp","href":"https:\/\/api.w.org\/{rel}","templated":true}]}}