{"id":23880,"date":"2025-10-14T12:14:28","date_gmt":"2025-10-14T12:14:28","guid":{"rendered":"https:\/\/www.afrikaldia.com\/2025\/10\/14\/mora-lopez-de-vicuna\/"},"modified":"2025-10-27T16:04:09","modified_gmt":"2025-10-27T16:04:09","slug":"mora-lopez-de-vicuna","status":"publish","type":"post","link":"https:\/\/www.afrikaldia.com\/fr\/2025\/10\/14\/mora-lopez-de-vicuna\/","title":{"rendered":"Mora L\u00f3pez de Vicu\u00f1a"},"content":{"rendered":"\t\t<div data-elementor-type=\"wp-post\" data-elementor-id=\"23880\" class=\"elementor elementor-23880 elementor-23870\">\n\t\t\t\t\t\t<section class=\"elementor-section elementor-top-section elementor-element elementor-element-ec9864a elementor-section-boxed elementor-section-height-default elementor-section-height-default qodef-elementor-content-no\" data-id=\"ec9864a\" data-element_type=\"section\">\n\t\t\t\t\t\t<div class=\"elementor-container elementor-column-gap-default\">\n\t\t\t\t\t<div class=\"elementor-column elementor-col-100 elementor-top-column elementor-element elementor-element-e8bf106\" data-id=\"e8bf106\" data-element_type=\"column\">\n\t\t\t<div class=\"elementor-widget-wrap elementor-element-populated\">\n\t\t\t\t\t\t<section class=\"elementor-section elementor-inner-section elementor-element elementor-element-f223020 elementor-section-boxed elementor-section-height-default elementor-section-height-default qodef-elementor-content-no\" data-id=\"f223020\" data-element_type=\"section\">\n\t\t\t\t\t\t<div class=\"elementor-container elementor-column-gap-default\">\n\t\t\t\t\t<div class=\"elementor-column elementor-col-100 elementor-inner-column elementor-element elementor-element-f74ee49\" data-id=\"f74ee49\" data-element_type=\"column\">\n\t\t\t<div class=\"elementor-widget-wrap elementor-element-populated\">\n\t\t\t\t\t\t<div class=\"elementor-element elementor-element-8f0039a elementor-widget elementor-widget-coppola_core_section_title\" data-id=\"8f0039a\" data-element_type=\"widget\" data-widget_type=\"coppola_core_section_title.default\">\n\t\t\t\t<div class=\"elementor-widget-container\">\n\t\t\t\t\t<div class=\"qodef-shortcode qodef-m  qodef-section-title qodef-alignment--left \">\n\t\t\t<h2 class=\"qodef-m-title\" >\n\t\t\t\t\tMora L\u00f3pez de Vicu\u00f1a\t\t\t<\/h2>\n\t\t<\/div>\n\t\t\t\t<\/div>\n\t\t\t\t<\/div>\n\t\t\t\t\t<\/div>\n\t\t<\/div>\n\t\t\t\t\t<\/div>\n\t\t<\/section>\n\t\t\t\t<section class=\"elementor-section elementor-inner-section elementor-element elementor-element-f45164e elementor-section-boxed elementor-section-height-default elementor-section-height-default qodef-elementor-content-no\" data-id=\"f45164e\" data-element_type=\"section\">\n\t\t\t\t\t\t<div class=\"elementor-container elementor-column-gap-default\">\n\t\t\t\t\t<div class=\"elementor-column elementor-col-50 elementor-inner-column elementor-element elementor-element-0994d97\" data-id=\"0994d97\" data-element_type=\"column\">\n\t\t\t<div class=\"elementor-widget-wrap elementor-element-populated\">\n\t\t\t\t\t\t<div class=\"elementor-element elementor-element-24cb30f elementor-widget elementor-widget-image\" data-id=\"24cb30f\" data-element_type=\"widget\" data-widget_type=\"image.default\">\n\t\t\t\t<div class=\"elementor-widget-container\">\n\t\t\t\t\t\t\t\t\t\t\t\t\t\t\t<img fetchpriority=\"high\" decoding=\"async\" width=\"1000\" height=\"1000\" src=\"https:\/\/www.afrikaldia.com\/wp-content\/uploads\/2025\/10\/Mora-Lopez-de-Vicuna.jpg\" class=\"attachment-full size-full wp-image-23875\" alt=\"\" srcset=\"https:\/\/www.afrikaldia.com\/wp-content\/uploads\/2025\/10\/Mora-Lopez-de-Vicuna.jpg 1000w, https:\/\/www.afrikaldia.com\/wp-content\/uploads\/2025\/10\/Mora-Lopez-de-Vicuna-300x300.jpg 300w, https:\/\/www.afrikaldia.com\/wp-content\/uploads\/2025\/10\/Mora-Lopez-de-Vicuna-150x150.jpg 150w, https:\/\/www.afrikaldia.com\/wp-content\/uploads\/2025\/10\/Mora-Lopez-de-Vicuna-768x768.jpg 768w, https:\/\/www.afrikaldia.com\/wp-content\/uploads\/2025\/10\/Mora-Lopez-de-Vicuna-650x650.jpg 650w\" sizes=\"(max-width: 1000px) 100vw, 1000px\" \/>\t\t\t\t\t\t\t\t\t\t\t\t\t\t\t<\/div>\n\t\t\t\t<\/div>\n\t\t\t\t\t<\/div>\n\t\t<\/div>\n\t\t\t\t<div class=\"elementor-column elementor-col-50 elementor-inner-column elementor-element elementor-element-1645de3\" data-id=\"1645de3\" data-element_type=\"column\">\n\t\t\t<div class=\"elementor-widget-wrap elementor-element-populated\">\n\t\t\t\t\t\t<div class=\"elementor-element elementor-element-d95682b elementor-widget elementor-widget-text-editor\" data-id=\"d95682b\" data-element_type=\"widget\" data-widget_type=\"text-editor.default\">\n\t\t\t\t<div class=\"elementor-widget-container\">\n\t\t\t\t\t\t\t\t\t<p><b><span data-contrast=\"none\">BIO<\/span><\/b><\/p><p>Mora L\u00f3pez de Vicu\u00f1a, n\u00e9e \u00e0 Buenos Aires et ayant grandi \u00e0 Vitoria-Gasteiz, est directrice artistique et designer graphique pluridisciplinaire, actuellement bas\u00e9e \u00e0 Hambourg. Elle a effectu\u00e9 ses \u00e9tudes \u00e0 l\u2019\u00e9cole d\u2019art et de design sup\u00e9rieur IDarte, et a travaill\u00e9 aussi bien au sein de studios de design qu\u2019en tant que designer ind\u00e9pendante.<\/p><p>Elle est directrice cr\u00e9ative du festival depuis sa cr\u00e9ation. Au cours des derni\u00e8res ann\u00e9es, elle a \u00e9t\u00e9 \u00e0 l\u2019origine de l\u2019identit\u00e9 visuelle, des affiches, du design du programme, du catalogue, de la sc\u00e9nographie, des prix et du merchandising, entre autres \u00e9l\u00e9ments du festival.<\/p><p>Dans son travail, elle con\u00e7oit le design comme un canal d\u2019expression, o\u00f9 la dimension graphique n\u2019est pas le seul outil de transmission du message. Les mat\u00e9riaux, les textures et les supports jouent \u00e9galement un r\u00f4le essentiel.<\/p><p>Instagram: <a href=\"https:\/\/www.instagram.com\/morbiku\/\">@morbiku<\/a><\/p>\t\t\t\t\t\t\t\t<\/div>\n\t\t\t\t<\/div>\n\t\t\t\t\t<\/div>\n\t\t<\/div>\n\t\t\t\t\t<\/div>\n\t\t<\/section>\n\t\t\t\t<section class=\"elementor-section elementor-inner-section elementor-element elementor-element-ca6986a elementor-section-boxed elementor-section-height-default elementor-section-height-default qodef-elementor-content-no\" data-id=\"ca6986a\" data-element_type=\"section\">\n\t\t\t\t\t\t<div class=\"elementor-container elementor-column-gap-default\">\n\t\t\t\t\t<div class=\"elementor-column elementor-col-100 elementor-inner-column elementor-element elementor-element-a9de5a7\" data-id=\"a9de5a7\" data-element_type=\"column\">\n\t\t\t<div class=\"elementor-widget-wrap elementor-element-populated\">\n\t\t\t\t\t\t<div class=\"elementor-element elementor-element-bddb75b elementor-widget elementor-widget-coppola_core_button\" data-id=\"bddb75b\" data-element_type=\"widget\" data-widget_type=\"coppola_core_button.default\">\n\t\t\t\t<div class=\"elementor-widget-container\">\n\t\t\t\t\t<a class=\"qodef-shortcode qodef-m  qodef-button qodef-layout--textual  qodef-skin--default qodef-html--link\" href=\"\/fr\/personnes-invitees\/\" target=\"_self\"  >\n\t<span class=\"qodef-m-text\">PERSONNES INVIT\u00c9ES<svg class=\"qodef-svg--button-arrow\" xmlns=\"http:\/\/www.w3.org\/2000\/svg\" width=\"12.0148\" height=\"12.0143\"\n     viewBox=\"0 0 12.0148 12.0143\"><g><line x1=\"0.7071\" y1=\"11.3071\" x2=\"10.6066\" y2=\"1.4077\"\/><polyline points=\"1.015 1 11.015 1 11.015 11\"\/><\/g><g><line x1=\"0.7071\" y1=\"11.3071\" x2=\"10.6066\" y2=\"1.4077\"\/><polyline points=\"1.015 1 11.015 1 11.015 11\"\/><\/g><\/svg><\/span>\n<\/a>\n\t\t\t\t<\/div>\n\t\t\t\t<\/div>\n\t\t\t\t\t<\/div>\n\t\t<\/div>\n\t\t\t\t\t<\/div>\n\t\t<\/section>\n\t\t\t\t\t<\/div>\n\t\t<\/div>\n\t\t\t\t\t<\/div>\n\t\t<\/section>\n\t\t\t\t<\/div>\n\t\t","protected":false},"excerpt":{"rendered":"<p>Mora L\u00f3pez de Vicu\u00f1a BIO Mora L\u00f3pez de Vicu\u00f1a, n\u00e9e \u00e0 Buenos Aires et ayant grandi \u00e0 Vitoria-Gasteiz, est directrice artistique et designer graphique pluridisciplinaire, actuellement bas\u00e9e \u00e0 Hambourg. Elle a effectu\u00e9 ses \u00e9tudes \u00e0 l\u2019\u00e9cole d\u2019art et de design sup\u00e9rieur IDarte, et a travaill\u00e9 aussi bien au sein de studios de design qu\u2019en tant [&hellip;]<\/p>\n","protected":false},"author":1,"featured_media":23875,"comment_status":"closed","ping_status":"closed","sticky":false,"template":"elementor_header_footer","format":"standard","meta":{"_monsterinsights_skip_tracking":false,"_monsterinsights_sitenote_active":false,"_monsterinsights_sitenote_note":"","_monsterinsights_sitenote_category":0,"footnotes":""},"categories":[180],"tags":[],"class_list":["post-23880","post","type-post","status-publish","format-standard","has-post-thumbnail","hentry","category-invitados-2025-fr"],"yoast_head":"<!-- This site is optimized with the Yoast SEO plugin v26.2 - https:\/\/yoast.com\/wordpress\/plugins\/seo\/ -->\n<title>Mora L\u00f3pez de Vicu\u00f1a - Afrikaldia \u2013 Festival Vasco de Cines Africanos<\/title>\n<meta name=\"robots\" content=\"index, follow, max-snippet:-1, max-image-preview:large, max-video-preview:-1\" \/>\n<link rel=\"canonical\" href=\"https:\/\/www.afrikaldia.com\/fr\/2025\/10\/14\/mora-lopez-de-vicuna\/\" \/>\n<meta property=\"og:locale\" content=\"fr_FR\" \/>\n<meta property=\"og:type\" content=\"article\" \/>\n<meta property=\"og:title\" content=\"Mora L\u00f3pez de Vicu\u00f1a - Afrikaldia \u2013 Festival Vasco de Cines Africanos\" \/>\n<meta property=\"og:description\" content=\"Mora L\u00f3pez de Vicu\u00f1a BIO Mora L\u00f3pez de Vicu\u00f1a, n\u00e9e \u00e0 Buenos Aires et ayant grandi \u00e0 Vitoria-Gasteiz, est directrice artistique et designer graphique pluridisciplinaire, actuellement bas\u00e9e \u00e0 Hambourg. Elle a effectu\u00e9 ses \u00e9tudes \u00e0 l\u2019\u00e9cole d\u2019art et de design sup\u00e9rieur IDarte, et a travaill\u00e9 aussi bien au sein de studios de design qu\u2019en tant [&hellip;]\" \/>\n<meta property=\"og:url\" content=\"https:\/\/www.afrikaldia.com\/fr\/2025\/10\/14\/mora-lopez-de-vicuna\/\" \/>\n<meta property=\"og:site_name\" content=\"Afrikaldia \u2013 Festival Vasco de Cines Africanos\" \/>\n<meta property=\"article:published_time\" content=\"2025-10-14T12:14:28+00:00\" \/>\n<meta property=\"article:modified_time\" content=\"2025-10-27T16:04:09+00:00\" \/>\n<meta property=\"og:image\" content=\"https:\/\/www.afrikaldia.com\/wp-content\/uploads\/2025\/10\/Mora-Lopez-de-Vicuna.jpg\" \/>\n\t<meta property=\"og:image:width\" content=\"1000\" \/>\n\t<meta property=\"og:image:height\" content=\"1000\" \/>\n\t<meta property=\"og:image:type\" content=\"image\/jpeg\" \/>\n<meta name=\"author\" content=\"AdminAfrika\" \/>\n<meta name=\"twitter:card\" content=\"summary_large_image\" \/>\n<meta name=\"twitter:label1\" content=\"\u00c9crit par\" \/>\n\t<meta name=\"twitter:data1\" content=\"AdminAfrika\" \/>\n\t<meta name=\"twitter:label2\" content=\"Dur\u00e9e de lecture estim\u00e9e\" \/>\n\t<meta name=\"twitter:data2\" content=\"2 minutes\" \/>\n<script type=\"application\/ld+json\" class=\"yoast-schema-graph\">{\"@context\":\"https:\/\/schema.org\",\"@graph\":[{\"@type\":\"WebPage\",\"@id\":\"https:\/\/www.afrikaldia.com\/fr\/2025\/10\/14\/mora-lopez-de-vicuna\/\",\"url\":\"https:\/\/www.afrikaldia.com\/fr\/2025\/10\/14\/mora-lopez-de-vicuna\/\",\"name\":\"Mora L\u00f3pez de Vicu\u00f1a - Afrikaldia \u2013 Festival Vasco de Cines Africanos\",\"isPartOf\":{\"@id\":\"https:\/\/www.afrikaldia.com\/#website\"},\"primaryImageOfPage\":{\"@id\":\"https:\/\/www.afrikaldia.com\/fr\/2025\/10\/14\/mora-lopez-de-vicuna\/#primaryimage\"},\"image\":{\"@id\":\"https:\/\/www.afrikaldia.com\/fr\/2025\/10\/14\/mora-lopez-de-vicuna\/#primaryimage\"},\"thumbnailUrl\":\"https:\/\/www.afrikaldia.com\/wp-content\/uploads\/2025\/10\/Mora-Lopez-de-Vicuna.jpg\",\"datePublished\":\"2025-10-14T12:14:28+00:00\",\"dateModified\":\"2025-10-27T16:04:09+00:00\",\"author\":{\"@id\":\"https:\/\/www.afrikaldia.com\/#\/schema\/person\/638990ad462c5867697fb0382c10f28e\"},\"breadcrumb\":{\"@id\":\"https:\/\/www.afrikaldia.com\/fr\/2025\/10\/14\/mora-lopez-de-vicuna\/#breadcrumb\"},\"inLanguage\":\"fr-FR\",\"potentialAction\":[{\"@type\":\"ReadAction\",\"target\":[\"https:\/\/www.afrikaldia.com\/fr\/2025\/10\/14\/mora-lopez-de-vicuna\/\"]}]},{\"@type\":\"ImageObject\",\"inLanguage\":\"fr-FR\",\"@id\":\"https:\/\/www.afrikaldia.com\/fr\/2025\/10\/14\/mora-lopez-de-vicuna\/#primaryimage\",\"url\":\"https:\/\/www.afrikaldia.com\/wp-content\/uploads\/2025\/10\/Mora-Lopez-de-Vicuna.jpg\",\"contentUrl\":\"https:\/\/www.afrikaldia.com\/wp-content\/uploads\/2025\/10\/Mora-Lopez-de-Vicuna.jpg\",\"width\":1000,\"height\":1000},{\"@type\":\"BreadcrumbList\",\"@id\":\"https:\/\/www.afrikaldia.com\/fr\/2025\/10\/14\/mora-lopez-de-vicuna\/#breadcrumb\",\"itemListElement\":[{\"@type\":\"ListItem\",\"position\":1,\"name\":\"Portada\",\"item\":\"https:\/\/www.afrikaldia.com\/fr\/\"},{\"@type\":\"ListItem\",\"position\":2,\"name\":\"Mora L\u00f3pez de Vicu\u00f1a\"}]},{\"@type\":\"WebSite\",\"@id\":\"https:\/\/www.afrikaldia.com\/#website\",\"url\":\"https:\/\/www.afrikaldia.com\/\",\"name\":\"Afrikaldia \u2013 Festival Vasco de Cines Africanos\",\"description\":\"AFRIKALDIA es un festival internacional de cine de car\u00e1cter competitivo, dirigido a todos los p\u00fablicos.\",\"potentialAction\":[{\"@type\":\"SearchAction\",\"target\":{\"@type\":\"EntryPoint\",\"urlTemplate\":\"https:\/\/www.afrikaldia.com\/?s={search_term_string}\"},\"query-input\":{\"@type\":\"PropertyValueSpecification\",\"valueRequired\":true,\"valueName\":\"search_term_string\"}}],\"inLanguage\":\"fr-FR\"},{\"@type\":\"Person\",\"@id\":\"https:\/\/www.afrikaldia.com\/#\/schema\/person\/638990ad462c5867697fb0382c10f28e\",\"name\":\"AdminAfrika\",\"image\":{\"@type\":\"ImageObject\",\"inLanguage\":\"fr-FR\",\"@id\":\"https:\/\/www.afrikaldia.com\/#\/schema\/person\/image\/\",\"url\":\"https:\/\/www.afrikaldia.com\/wp-content\/litespeed\/avatar\/f9f62e4a8710aed3b945aca4f2756f19.jpg?ver=1777444892\",\"contentUrl\":\"https:\/\/www.afrikaldia.com\/wp-content\/litespeed\/avatar\/f9f62e4a8710aed3b945aca4f2756f19.jpg?ver=1777444892\",\"caption\":\"AdminAfrika\"},\"sameAs\":[\"https:\/\/www.afrikaldia.com\"],\"url\":\"https:\/\/www.afrikaldia.com\/fr\/author\/AdminAfrika\/\"}]}<\/script>\n<!-- \/ Yoast SEO plugin. -->","yoast_head_json":{"title":"Mora L\u00f3pez de Vicu\u00f1a - Afrikaldia \u2013 Festival Vasco de Cines Africanos","robots":{"index":"index","follow":"follow","max-snippet":"max-snippet:-1","max-image-preview":"max-image-preview:large","max-video-preview":"max-video-preview:-1"},"canonical":"https:\/\/www.afrikaldia.com\/fr\/2025\/10\/14\/mora-lopez-de-vicuna\/","og_locale":"fr_FR","og_type":"article","og_title":"Mora L\u00f3pez de Vicu\u00f1a - Afrikaldia \u2013 Festival Vasco de Cines Africanos","og_description":"Mora L\u00f3pez de Vicu\u00f1a BIO Mora L\u00f3pez de Vicu\u00f1a, n\u00e9e \u00e0 Buenos Aires et ayant grandi \u00e0 Vitoria-Gasteiz, est directrice artistique et designer graphique pluridisciplinaire, actuellement bas\u00e9e \u00e0 Hambourg. Elle a effectu\u00e9 ses \u00e9tudes \u00e0 l\u2019\u00e9cole d\u2019art et de design sup\u00e9rieur IDarte, et a travaill\u00e9 aussi bien au sein de studios de design qu\u2019en tant [&hellip;]","og_url":"https:\/\/www.afrikaldia.com\/fr\/2025\/10\/14\/mora-lopez-de-vicuna\/","og_site_name":"Afrikaldia \u2013 Festival Vasco de Cines Africanos","article_published_time":"2025-10-14T12:14:28+00:00","article_modified_time":"2025-10-27T16:04:09+00:00","og_image":[{"width":1000,"height":1000,"url":"https:\/\/www.afrikaldia.com\/wp-content\/uploads\/2025\/10\/Mora-Lopez-de-Vicuna.jpg","type":"image\/jpeg"}],"author":"AdminAfrika","twitter_card":"summary_large_image","twitter_misc":{"\u00c9crit par":"AdminAfrika","Dur\u00e9e de lecture estim\u00e9e":"2 minutes"},"schema":{"@context":"https:\/\/schema.org","@graph":[{"@type":"WebPage","@id":"https:\/\/www.afrikaldia.com\/fr\/2025\/10\/14\/mora-lopez-de-vicuna\/","url":"https:\/\/www.afrikaldia.com\/fr\/2025\/10\/14\/mora-lopez-de-vicuna\/","name":"Mora L\u00f3pez de Vicu\u00f1a - Afrikaldia \u2013 Festival Vasco de Cines Africanos","isPartOf":{"@id":"https:\/\/www.afrikaldia.com\/#website"},"primaryImageOfPage":{"@id":"https:\/\/www.afrikaldia.com\/fr\/2025\/10\/14\/mora-lopez-de-vicuna\/#primaryimage"},"image":{"@id":"https:\/\/www.afrikaldia.com\/fr\/2025\/10\/14\/mora-lopez-de-vicuna\/#primaryimage"},"thumbnailUrl":"https:\/\/www.afrikaldia.com\/wp-content\/uploads\/2025\/10\/Mora-Lopez-de-Vicuna.jpg","datePublished":"2025-10-14T12:14:28+00:00","dateModified":"2025-10-27T16:04:09+00:00","author":{"@id":"https:\/\/www.afrikaldia.com\/#\/schema\/person\/638990ad462c5867697fb0382c10f28e"},"breadcrumb":{"@id":"https:\/\/www.afrikaldia.com\/fr\/2025\/10\/14\/mora-lopez-de-vicuna\/#breadcrumb"},"inLanguage":"fr-FR","potentialAction":[{"@type":"ReadAction","target":["https:\/\/www.afrikaldia.com\/fr\/2025\/10\/14\/mora-lopez-de-vicuna\/"]}]},{"@type":"ImageObject","inLanguage":"fr-FR","@id":"https:\/\/www.afrikaldia.com\/fr\/2025\/10\/14\/mora-lopez-de-vicuna\/#primaryimage","url":"https:\/\/www.afrikaldia.com\/wp-content\/uploads\/2025\/10\/Mora-Lopez-de-Vicuna.jpg","contentUrl":"https:\/\/www.afrikaldia.com\/wp-content\/uploads\/2025\/10\/Mora-Lopez-de-Vicuna.jpg","width":1000,"height":1000},{"@type":"BreadcrumbList","@id":"https:\/\/www.afrikaldia.com\/fr\/2025\/10\/14\/mora-lopez-de-vicuna\/#breadcrumb","itemListElement":[{"@type":"ListItem","position":1,"name":"Portada","item":"https:\/\/www.afrikaldia.com\/fr\/"},{"@type":"ListItem","position":2,"name":"Mora L\u00f3pez de Vicu\u00f1a"}]},{"@type":"WebSite","@id":"https:\/\/www.afrikaldia.com\/#website","url":"https:\/\/www.afrikaldia.com\/","name":"Afrikaldia \u2013 Festival Vasco de Cines Africanos","description":"AFRIKALDIA es un festival internacional de cine de car\u00e1cter competitivo, dirigido a todos los p\u00fablicos.","potentialAction":[{"@type":"SearchAction","target":{"@type":"EntryPoint","urlTemplate":"https:\/\/www.afrikaldia.com\/?s={search_term_string}"},"query-input":{"@type":"PropertyValueSpecification","valueRequired":true,"valueName":"search_term_string"}}],"inLanguage":"fr-FR"},{"@type":"Person","@id":"https:\/\/www.afrikaldia.com\/#\/schema\/person\/638990ad462c5867697fb0382c10f28e","name":"AdminAfrika","image":{"@type":"ImageObject","inLanguage":"fr-FR","@id":"https:\/\/www.afrikaldia.com\/#\/schema\/person\/image\/","url":"https:\/\/www.afrikaldia.com\/wp-content\/litespeed\/avatar\/f9f62e4a8710aed3b945aca4f2756f19.jpg?ver=1777444892","contentUrl":"https:\/\/www.afrikaldia.com\/wp-content\/litespeed\/avatar\/f9f62e4a8710aed3b945aca4f2756f19.jpg?ver=1777444892","caption":"AdminAfrika"},"sameAs":["https:\/\/www.afrikaldia.com"],"url":"https:\/\/www.afrikaldia.com\/fr\/author\/AdminAfrika\/"}]}},"_links":{"self":[{"href":"https:\/\/www.afrikaldia.com\/fr\/wp-json\/wp\/v2\/posts\/23880","targetHints":{"allow":["GET"]}}],"collection":[{"href":"https:\/\/www.afrikaldia.com\/fr\/wp-json\/wp\/v2\/posts"}],"about":[{"href":"https:\/\/www.afrikaldia.com\/fr\/wp-json\/wp\/v2\/types\/post"}],"author":[{"embeddable":true,"href":"https:\/\/www.afrikaldia.com\/fr\/wp-json\/wp\/v2\/users\/1"}],"replies":[{"embeddable":true,"href":"https:\/\/www.afrikaldia.com\/fr\/wp-json\/wp\/v2\/comments?post=23880"}],"version-history":[{"count":7,"href":"https:\/\/www.afrikaldia.com\/fr\/wp-json\/wp\/v2\/posts\/23880\/revisions"}],"predecessor-version":[{"id":24828,"href":"https:\/\/www.afrikaldia.com\/fr\/wp-json\/wp\/v2\/posts\/23880\/revisions\/24828"}],"wp:featuredmedia":[{"embeddable":true,"href":"https:\/\/www.afrikaldia.com\/fr\/wp-json\/wp\/v2\/media\/23875"}],"wp:attachment":[{"href":"https:\/\/www.afrikaldia.com\/fr\/wp-json\/wp\/v2\/media?parent=23880"}],"wp:term":[{"taxonomy":"category","embeddable":true,"href":"https:\/\/www.afrikaldia.com\/fr\/wp-json\/wp\/v2\/categories?post=23880"},{"taxonomy":"post_tag","embeddable":true,"href":"https:\/\/www.afrikaldia.com\/fr\/wp-json\/wp\/v2\/tags?post=23880"}],"curies":[{"name":"wp","href":"https:\/\/api.w.org\/{rel}","templated":true}]}}