{"id":21816,"date":"2024-10-15T15:56:18","date_gmt":"2024-10-15T15:56:18","guid":{"rendered":"https:\/\/www.afrikaldia.com\/2024\/10\/15\/nada-riyadh-ayman-el-amir\/"},"modified":"2024-10-25T16:09:37","modified_gmt":"2024-10-25T16:09:37","slug":"nada-riyadh-ayman-el-amir","status":"publish","type":"post","link":"https:\/\/www.afrikaldia.com\/fr\/2024\/10\/15\/nada-riyadh-ayman-el-amir\/","title":{"rendered":"NADA RIYADH &#8211; AYMAN EL AMIR"},"content":{"rendered":"\t\t<div data-elementor-type=\"wp-post\" data-elementor-id=\"21816\" class=\"elementor elementor-21816 elementor-20424\">\n\t\t\t\t\t\t<section class=\"elementor-section elementor-top-section elementor-element elementor-element-ec9864a elementor-section-boxed elementor-section-height-default elementor-section-height-default qodef-elementor-content-no\" data-id=\"ec9864a\" data-element_type=\"section\">\n\t\t\t\t\t\t<div class=\"elementor-container elementor-column-gap-default\">\n\t\t\t\t\t<div class=\"elementor-column elementor-col-100 elementor-top-column elementor-element elementor-element-e8bf106\" data-id=\"e8bf106\" data-element_type=\"column\">\n\t\t\t<div class=\"elementor-widget-wrap elementor-element-populated\">\n\t\t\t\t\t\t<section class=\"elementor-section elementor-inner-section elementor-element elementor-element-f223020 elementor-section-boxed elementor-section-height-default elementor-section-height-default qodef-elementor-content-no\" data-id=\"f223020\" data-element_type=\"section\">\n\t\t\t\t\t\t<div class=\"elementor-container elementor-column-gap-default\">\n\t\t\t\t\t<div class=\"elementor-column elementor-col-100 elementor-inner-column elementor-element elementor-element-f74ee49\" data-id=\"f74ee49\" data-element_type=\"column\">\n\t\t\t<div class=\"elementor-widget-wrap elementor-element-populated\">\n\t\t\t\t\t\t<div class=\"elementor-element elementor-element-8f0039a elementor-widget elementor-widget-coppola_core_section_title\" data-id=\"8f0039a\" data-element_type=\"widget\" data-widget_type=\"coppola_core_section_title.default\">\n\t\t\t\t<div class=\"elementor-widget-container\">\n\t\t\t\t\t<div class=\"qodef-shortcode qodef-m  qodef-section-title qodef-alignment--left \">\n\t\t\t<h2 class=\"qodef-m-title\" >\n\t\t\t\t\tNADA RIYADH - AYMAN EL AMIR\t\t\t<\/h2>\n\t\t<\/div>\n\t\t\t\t<\/div>\n\t\t\t\t<\/div>\n\t\t\t\t\t<\/div>\n\t\t<\/div>\n\t\t\t\t\t<\/div>\n\t\t<\/section>\n\t\t\t\t<section class=\"elementor-section elementor-inner-section elementor-element elementor-element-f45164e elementor-section-boxed elementor-section-height-default elementor-section-height-default qodef-elementor-content-no\" data-id=\"f45164e\" data-element_type=\"section\">\n\t\t\t\t\t\t<div class=\"elementor-container elementor-column-gap-default\">\n\t\t\t\t\t<div class=\"elementor-column elementor-col-50 elementor-inner-column elementor-element elementor-element-0994d97\" data-id=\"0994d97\" data-element_type=\"column\">\n\t\t\t<div class=\"elementor-widget-wrap elementor-element-populated\">\n\t\t\t\t\t\t<div class=\"elementor-element elementor-element-24cb30f elementor-widget elementor-widget-image\" data-id=\"24cb30f\" data-element_type=\"widget\" data-widget_type=\"image.default\">\n\t\t\t\t<div class=\"elementor-widget-container\">\n\t\t\t\t\t\t\t\t\t\t\t\t\t\t\t<img fetchpriority=\"high\" decoding=\"async\" width=\"1181\" height=\"1519\" src=\"https:\/\/www.afrikaldia.com\/wp-content\/uploads\/2024\/10\/NADA-RIYADH-AYMAN-EL-AMIR.jpg\" class=\"attachment-full size-full wp-image-20435\" alt=\"\" srcset=\"https:\/\/www.afrikaldia.com\/wp-content\/uploads\/2024\/10\/NADA-RIYADH-AYMAN-EL-AMIR.jpg 1181w, https:\/\/www.afrikaldia.com\/wp-content\/uploads\/2024\/10\/NADA-RIYADH-AYMAN-EL-AMIR-233x300.jpg 233w, https:\/\/www.afrikaldia.com\/wp-content\/uploads\/2024\/10\/NADA-RIYADH-AYMAN-EL-AMIR-796x1024.jpg 796w, https:\/\/www.afrikaldia.com\/wp-content\/uploads\/2024\/10\/NADA-RIYADH-AYMAN-EL-AMIR-768x988.jpg 768w\" sizes=\"(max-width: 1181px) 100vw, 1181px\" \/>\t\t\t\t\t\t\t\t\t\t\t\t\t\t\t<\/div>\n\t\t\t\t<\/div>\n\t\t\t\t\t<\/div>\n\t\t<\/div>\n\t\t\t\t<div class=\"elementor-column elementor-col-50 elementor-inner-column elementor-element elementor-element-1645de3\" data-id=\"1645de3\" data-element_type=\"column\">\n\t\t\t<div class=\"elementor-widget-wrap elementor-element-populated\">\n\t\t\t\t\t\t<div class=\"elementor-element elementor-element-d95682b elementor-widget elementor-widget-text-editor\" data-id=\"d95682b\" data-element_type=\"widget\" data-widget_type=\"text-editor.default\">\n\t\t\t\t<div class=\"elementor-widget-container\">\n\t\t\t\t\t\t\t\t\t<p><b><span data-contrast=\"none\">BIO<\/span><\/b><\/p><p>Nada Riyadh est une r\u00e9alisatrice \u00e9gyptienne. Son premier long m\u00e9trage documentaire, Happily Ever After, r\u00e9alis\u00e9 avec Ayman El Amir, a \u00e9t\u00e9 pr\u00e9sent\u00e9 en avant-premi\u00e8re \u00e0 l&rsquo;IDFA 2016. Son court m\u00e9trage de fiction, The Trap, a \u00e9t\u00e9 s\u00e9lectionn\u00e9 pour la comp\u00e9tition officielle de la Semaine de la Critique (Cannes 2019). Elle a particip\u00e9 \u00e0 plusieurs programmes cin\u00e9matographiques internationaux, notamment La Fabrique de Cannes, Next Step Program La Semaine de la Critique, Berlinale talents, American Film Showcase et Film Independent. Ayman El Amir est un cin\u00e9aste \u00e9gyptien. Il a r\u00e9cemment r\u00e9alis\u00e9, avec Nada Riyadh, le long m\u00e9trage documentaire Happily Ever After, pr\u00e9sent\u00e9 \u00e0 l&rsquo;IDFA 2016, et produit le court m\u00e9trage de fiction The Trap, s\u00e9lectionn\u00e9 pour La Semaine de la Critique (Cannes 2019). Il a travaill\u00e9 comme consultant en sc\u00e9nario pour de nombreux laboratoires et instituts, notamment TorinoFilmLab, Doha Film Institute, Marrakesh Atlas Atelier, DW Academy et Full Circle Lab. The Brink of Dreams est pr\u00e9sent\u00e9 en premi\u00e8re nationale \u00e0 AFRIKALDIA<\/p>\t\t\t\t\t\t\t\t<\/div>\n\t\t\t\t<\/div>\n\t\t\t\t\t<\/div>\n\t\t<\/div>\n\t\t\t\t\t<\/div>\n\t\t<\/section>\n\t\t\t\t<section class=\"elementor-section elementor-inner-section elementor-element elementor-element-665c6ea elementor-section-boxed elementor-section-height-default elementor-section-height-default qodef-elementor-content-no\" data-id=\"665c6ea\" data-element_type=\"section\">\n\t\t\t\t\t\t<div class=\"elementor-container elementor-column-gap-default\">\n\t\t\t\t\t<div class=\"elementor-column elementor-col-100 elementor-inner-column elementor-element elementor-element-0fc6daa\" data-id=\"0fc6daa\" data-element_type=\"column\">\n\t\t\t<div class=\"elementor-widget-wrap elementor-element-populated\">\n\t\t\t\t\t\t<div class=\"elementor-element elementor-element-821fda1 elementor-widget elementor-widget-coppola_core_button\" data-id=\"821fda1\" data-element_type=\"widget\" data-widget_type=\"coppola_core_button.default\">\n\t\t\t\t<div class=\"elementor-widget-container\">\n\t\t\t\t\t<a class=\"qodef-shortcode qodef-m  qodef-button qodef-layout--textual  qodef-skin--default qodef-html--link\" href=\"https:\/\/www.afrikaldia.com\/fr\/portfolio-item\/the-brink-of-dreams\/\" target=\"_self\"  >\n\t<span class=\"qodef-m-text\">VOIR FILM &quot;The Brink of Dreams&quot;<svg class=\"qodef-svg--button-arrow\" xmlns=\"http:\/\/www.w3.org\/2000\/svg\" width=\"12.0148\" height=\"12.0143\"\n     viewBox=\"0 0 12.0148 12.0143\"><g><line x1=\"0.7071\" y1=\"11.3071\" x2=\"10.6066\" y2=\"1.4077\"\/><polyline points=\"1.015 1 11.015 1 11.015 11\"\/><\/g><g><line x1=\"0.7071\" y1=\"11.3071\" x2=\"10.6066\" y2=\"1.4077\"\/><polyline points=\"1.015 1 11.015 1 11.015 11\"\/><\/g><\/svg><\/span>\n<\/a>\n\t\t\t\t<\/div>\n\t\t\t\t<\/div>\n\t\t\t\t\t<\/div>\n\t\t<\/div>\n\t\t\t\t\t<\/div>\n\t\t<\/section>\n\t\t\t\t\t<\/div>\n\t\t<\/div>\n\t\t\t\t\t<\/div>\n\t\t<\/section>\n\t\t\t\t<\/div>\n\t\t","protected":false},"excerpt":{"rendered":"<p>NADA RIYADH &#8211; AYMAN EL AMIR BIO Nada Riyadh est une r\u00e9alisatrice \u00e9gyptienne. Son premier long m\u00e9trage documentaire, Happily Ever After, r\u00e9alis\u00e9 avec Ayman El Amir, a \u00e9t\u00e9 pr\u00e9sent\u00e9 en avant-premi\u00e8re \u00e0 l&rsquo;IDFA 2016. Son court m\u00e9trage de fiction, The Trap, a \u00e9t\u00e9 s\u00e9lectionn\u00e9 pour la comp\u00e9tition officielle de la Semaine de la Critique (Cannes [&hellip;]<\/p>\n","protected":false},"author":1,"featured_media":20435,"comment_status":"closed","ping_status":"closed","sticky":false,"template":"elementor_header_footer","format":"standard","meta":{"_monsterinsights_skip_tracking":false,"_monsterinsights_sitenote_active":false,"_monsterinsights_sitenote_note":"","_monsterinsights_sitenote_category":0,"footnotes":""},"categories":[129],"tags":[],"class_list":["post-21816","post","type-post","status-publish","format-standard","has-post-thumbnail","hentry","category-director-fr"],"yoast_head":"<!-- This site is optimized with the Yoast SEO plugin v26.2 - https:\/\/yoast.com\/wordpress\/plugins\/seo\/ -->\n<title>NADA RIYADH - AYMAN EL AMIR - Afrikaldia \u2013 Festival Vasco de Cines Africanos<\/title>\n<meta name=\"robots\" content=\"index, follow, max-snippet:-1, max-image-preview:large, max-video-preview:-1\" \/>\n<link rel=\"canonical\" href=\"https:\/\/www.afrikaldia.com\/fr\/2024\/10\/15\/nada-riyadh-ayman-el-amir\/\" \/>\n<meta property=\"og:locale\" content=\"fr_FR\" \/>\n<meta property=\"og:type\" content=\"article\" \/>\n<meta property=\"og:title\" content=\"NADA RIYADH - AYMAN EL AMIR - Afrikaldia \u2013 Festival Vasco de Cines Africanos\" \/>\n<meta property=\"og:description\" content=\"NADA RIYADH &#8211; AYMAN EL AMIR BIO Nada Riyadh est une r\u00e9alisatrice \u00e9gyptienne. Son premier long m\u00e9trage documentaire, Happily Ever After, r\u00e9alis\u00e9 avec Ayman El Amir, a \u00e9t\u00e9 pr\u00e9sent\u00e9 en avant-premi\u00e8re \u00e0 l&rsquo;IDFA 2016. Son court m\u00e9trage de fiction, The Trap, a \u00e9t\u00e9 s\u00e9lectionn\u00e9 pour la comp\u00e9tition officielle de la Semaine de la Critique (Cannes [&hellip;]\" \/>\n<meta property=\"og:url\" content=\"https:\/\/www.afrikaldia.com\/fr\/2024\/10\/15\/nada-riyadh-ayman-el-amir\/\" \/>\n<meta property=\"og:site_name\" content=\"Afrikaldia \u2013 Festival Vasco de Cines Africanos\" \/>\n<meta property=\"article:published_time\" content=\"2024-10-15T15:56:18+00:00\" \/>\n<meta property=\"article:modified_time\" content=\"2024-10-25T16:09:37+00:00\" \/>\n<meta property=\"og:image\" content=\"https:\/\/www.afrikaldia.com\/wp-content\/uploads\/2024\/10\/NADA-RIYADH-AYMAN-EL-AMIR.jpg\" \/>\n\t<meta property=\"og:image:width\" content=\"1181\" \/>\n\t<meta property=\"og:image:height\" content=\"1519\" \/>\n\t<meta property=\"og:image:type\" content=\"image\/jpeg\" \/>\n<meta name=\"author\" content=\"AdminAfrika\" \/>\n<meta name=\"twitter:card\" content=\"summary_large_image\" \/>\n<meta name=\"twitter:label1\" content=\"\u00c9crit par\" \/>\n\t<meta name=\"twitter:data1\" content=\"AdminAfrika\" \/>\n\t<meta name=\"twitter:label2\" content=\"Dur\u00e9e de lecture estim\u00e9e\" \/>\n\t<meta name=\"twitter:data2\" content=\"2 minutes\" \/>\n<script type=\"application\/ld+json\" class=\"yoast-schema-graph\">{\"@context\":\"https:\/\/schema.org\",\"@graph\":[{\"@type\":\"WebPage\",\"@id\":\"https:\/\/www.afrikaldia.com\/fr\/2024\/10\/15\/nada-riyadh-ayman-el-amir\/\",\"url\":\"https:\/\/www.afrikaldia.com\/fr\/2024\/10\/15\/nada-riyadh-ayman-el-amir\/\",\"name\":\"NADA RIYADH - AYMAN EL AMIR - Afrikaldia \u2013 Festival Vasco de Cines Africanos\",\"isPartOf\":{\"@id\":\"https:\/\/www.afrikaldia.com\/#website\"},\"primaryImageOfPage\":{\"@id\":\"https:\/\/www.afrikaldia.com\/fr\/2024\/10\/15\/nada-riyadh-ayman-el-amir\/#primaryimage\"},\"image\":{\"@id\":\"https:\/\/www.afrikaldia.com\/fr\/2024\/10\/15\/nada-riyadh-ayman-el-amir\/#primaryimage\"},\"thumbnailUrl\":\"https:\/\/www.afrikaldia.com\/wp-content\/uploads\/2024\/10\/NADA-RIYADH-AYMAN-EL-AMIR.jpg\",\"datePublished\":\"2024-10-15T15:56:18+00:00\",\"dateModified\":\"2024-10-25T16:09:37+00:00\",\"author\":{\"@id\":\"https:\/\/www.afrikaldia.com\/#\/schema\/person\/638990ad462c5867697fb0382c10f28e\"},\"breadcrumb\":{\"@id\":\"https:\/\/www.afrikaldia.com\/fr\/2024\/10\/15\/nada-riyadh-ayman-el-amir\/#breadcrumb\"},\"inLanguage\":\"fr-FR\",\"potentialAction\":[{\"@type\":\"ReadAction\",\"target\":[\"https:\/\/www.afrikaldia.com\/fr\/2024\/10\/15\/nada-riyadh-ayman-el-amir\/\"]}]},{\"@type\":\"ImageObject\",\"inLanguage\":\"fr-FR\",\"@id\":\"https:\/\/www.afrikaldia.com\/fr\/2024\/10\/15\/nada-riyadh-ayman-el-amir\/#primaryimage\",\"url\":\"https:\/\/www.afrikaldia.com\/wp-content\/uploads\/2024\/10\/NADA-RIYADH-AYMAN-EL-AMIR.jpg\",\"contentUrl\":\"https:\/\/www.afrikaldia.com\/wp-content\/uploads\/2024\/10\/NADA-RIYADH-AYMAN-EL-AMIR.jpg\",\"width\":1181,\"height\":1519},{\"@type\":\"BreadcrumbList\",\"@id\":\"https:\/\/www.afrikaldia.com\/fr\/2024\/10\/15\/nada-riyadh-ayman-el-amir\/#breadcrumb\",\"itemListElement\":[{\"@type\":\"ListItem\",\"position\":1,\"name\":\"Portada\",\"item\":\"https:\/\/www.afrikaldia.com\/fr\/\"},{\"@type\":\"ListItem\",\"position\":2,\"name\":\"NADA RIYADH &#8211; AYMAN EL AMIR\"}]},{\"@type\":\"WebSite\",\"@id\":\"https:\/\/www.afrikaldia.com\/#website\",\"url\":\"https:\/\/www.afrikaldia.com\/\",\"name\":\"Afrikaldia \u2013 Festival Vasco de Cines Africanos\",\"description\":\"AFRIKALDIA es un festival internacional de cine de car\u00e1cter competitivo, dirigido a todos los p\u00fablicos.\",\"potentialAction\":[{\"@type\":\"SearchAction\",\"target\":{\"@type\":\"EntryPoint\",\"urlTemplate\":\"https:\/\/www.afrikaldia.com\/?s={search_term_string}\"},\"query-input\":{\"@type\":\"PropertyValueSpecification\",\"valueRequired\":true,\"valueName\":\"search_term_string\"}}],\"inLanguage\":\"fr-FR\"},{\"@type\":\"Person\",\"@id\":\"https:\/\/www.afrikaldia.com\/#\/schema\/person\/638990ad462c5867697fb0382c10f28e\",\"name\":\"AdminAfrika\",\"image\":{\"@type\":\"ImageObject\",\"inLanguage\":\"fr-FR\",\"@id\":\"https:\/\/www.afrikaldia.com\/#\/schema\/person\/image\/\",\"url\":\"https:\/\/www.afrikaldia.com\/wp-content\/litespeed\/avatar\/f9f62e4a8710aed3b945aca4f2756f19.jpg?ver=1777444892\",\"contentUrl\":\"https:\/\/www.afrikaldia.com\/wp-content\/litespeed\/avatar\/f9f62e4a8710aed3b945aca4f2756f19.jpg?ver=1777444892\",\"caption\":\"AdminAfrika\"},\"sameAs\":[\"https:\/\/www.afrikaldia.com\"],\"url\":\"https:\/\/www.afrikaldia.com\/fr\/author\/AdminAfrika\/\"}]}<\/script>\n<!-- \/ Yoast SEO plugin. -->","yoast_head_json":{"title":"NADA RIYADH - AYMAN EL AMIR - Afrikaldia \u2013 Festival Vasco de Cines Africanos","robots":{"index":"index","follow":"follow","max-snippet":"max-snippet:-1","max-image-preview":"max-image-preview:large","max-video-preview":"max-video-preview:-1"},"canonical":"https:\/\/www.afrikaldia.com\/fr\/2024\/10\/15\/nada-riyadh-ayman-el-amir\/","og_locale":"fr_FR","og_type":"article","og_title":"NADA RIYADH - AYMAN EL AMIR - Afrikaldia \u2013 Festival Vasco de Cines Africanos","og_description":"NADA RIYADH &#8211; AYMAN EL AMIR BIO Nada Riyadh est une r\u00e9alisatrice \u00e9gyptienne. Son premier long m\u00e9trage documentaire, Happily Ever After, r\u00e9alis\u00e9 avec Ayman El Amir, a \u00e9t\u00e9 pr\u00e9sent\u00e9 en avant-premi\u00e8re \u00e0 l&rsquo;IDFA 2016. Son court m\u00e9trage de fiction, The Trap, a \u00e9t\u00e9 s\u00e9lectionn\u00e9 pour la comp\u00e9tition officielle de la Semaine de la Critique (Cannes [&hellip;]","og_url":"https:\/\/www.afrikaldia.com\/fr\/2024\/10\/15\/nada-riyadh-ayman-el-amir\/","og_site_name":"Afrikaldia \u2013 Festival Vasco de Cines Africanos","article_published_time":"2024-10-15T15:56:18+00:00","article_modified_time":"2024-10-25T16:09:37+00:00","og_image":[{"width":1181,"height":1519,"url":"https:\/\/www.afrikaldia.com\/wp-content\/uploads\/2024\/10\/NADA-RIYADH-AYMAN-EL-AMIR.jpg","type":"image\/jpeg"}],"author":"AdminAfrika","twitter_card":"summary_large_image","twitter_misc":{"\u00c9crit par":"AdminAfrika","Dur\u00e9e de lecture estim\u00e9e":"2 minutes"},"schema":{"@context":"https:\/\/schema.org","@graph":[{"@type":"WebPage","@id":"https:\/\/www.afrikaldia.com\/fr\/2024\/10\/15\/nada-riyadh-ayman-el-amir\/","url":"https:\/\/www.afrikaldia.com\/fr\/2024\/10\/15\/nada-riyadh-ayman-el-amir\/","name":"NADA RIYADH - AYMAN EL AMIR - Afrikaldia \u2013 Festival Vasco de Cines Africanos","isPartOf":{"@id":"https:\/\/www.afrikaldia.com\/#website"},"primaryImageOfPage":{"@id":"https:\/\/www.afrikaldia.com\/fr\/2024\/10\/15\/nada-riyadh-ayman-el-amir\/#primaryimage"},"image":{"@id":"https:\/\/www.afrikaldia.com\/fr\/2024\/10\/15\/nada-riyadh-ayman-el-amir\/#primaryimage"},"thumbnailUrl":"https:\/\/www.afrikaldia.com\/wp-content\/uploads\/2024\/10\/NADA-RIYADH-AYMAN-EL-AMIR.jpg","datePublished":"2024-10-15T15:56:18+00:00","dateModified":"2024-10-25T16:09:37+00:00","author":{"@id":"https:\/\/www.afrikaldia.com\/#\/schema\/person\/638990ad462c5867697fb0382c10f28e"},"breadcrumb":{"@id":"https:\/\/www.afrikaldia.com\/fr\/2024\/10\/15\/nada-riyadh-ayman-el-amir\/#breadcrumb"},"inLanguage":"fr-FR","potentialAction":[{"@type":"ReadAction","target":["https:\/\/www.afrikaldia.com\/fr\/2024\/10\/15\/nada-riyadh-ayman-el-amir\/"]}]},{"@type":"ImageObject","inLanguage":"fr-FR","@id":"https:\/\/www.afrikaldia.com\/fr\/2024\/10\/15\/nada-riyadh-ayman-el-amir\/#primaryimage","url":"https:\/\/www.afrikaldia.com\/wp-content\/uploads\/2024\/10\/NADA-RIYADH-AYMAN-EL-AMIR.jpg","contentUrl":"https:\/\/www.afrikaldia.com\/wp-content\/uploads\/2024\/10\/NADA-RIYADH-AYMAN-EL-AMIR.jpg","width":1181,"height":1519},{"@type":"BreadcrumbList","@id":"https:\/\/www.afrikaldia.com\/fr\/2024\/10\/15\/nada-riyadh-ayman-el-amir\/#breadcrumb","itemListElement":[{"@type":"ListItem","position":1,"name":"Portada","item":"https:\/\/www.afrikaldia.com\/fr\/"},{"@type":"ListItem","position":2,"name":"NADA RIYADH &#8211; AYMAN EL AMIR"}]},{"@type":"WebSite","@id":"https:\/\/www.afrikaldia.com\/#website","url":"https:\/\/www.afrikaldia.com\/","name":"Afrikaldia \u2013 Festival Vasco de Cines Africanos","description":"AFRIKALDIA es un festival internacional de cine de car\u00e1cter competitivo, dirigido a todos los p\u00fablicos.","potentialAction":[{"@type":"SearchAction","target":{"@type":"EntryPoint","urlTemplate":"https:\/\/www.afrikaldia.com\/?s={search_term_string}"},"query-input":{"@type":"PropertyValueSpecification","valueRequired":true,"valueName":"search_term_string"}}],"inLanguage":"fr-FR"},{"@type":"Person","@id":"https:\/\/www.afrikaldia.com\/#\/schema\/person\/638990ad462c5867697fb0382c10f28e","name":"AdminAfrika","image":{"@type":"ImageObject","inLanguage":"fr-FR","@id":"https:\/\/www.afrikaldia.com\/#\/schema\/person\/image\/","url":"https:\/\/www.afrikaldia.com\/wp-content\/litespeed\/avatar\/f9f62e4a8710aed3b945aca4f2756f19.jpg?ver=1777444892","contentUrl":"https:\/\/www.afrikaldia.com\/wp-content\/litespeed\/avatar\/f9f62e4a8710aed3b945aca4f2756f19.jpg?ver=1777444892","caption":"AdminAfrika"},"sameAs":["https:\/\/www.afrikaldia.com"],"url":"https:\/\/www.afrikaldia.com\/fr\/author\/AdminAfrika\/"}]}},"_links":{"self":[{"href":"https:\/\/www.afrikaldia.com\/fr\/wp-json\/wp\/v2\/posts\/21816","targetHints":{"allow":["GET"]}}],"collection":[{"href":"https:\/\/www.afrikaldia.com\/fr\/wp-json\/wp\/v2\/posts"}],"about":[{"href":"https:\/\/www.afrikaldia.com\/fr\/wp-json\/wp\/v2\/types\/post"}],"author":[{"embeddable":true,"href":"https:\/\/www.afrikaldia.com\/fr\/wp-json\/wp\/v2\/users\/1"}],"replies":[{"embeddable":true,"href":"https:\/\/www.afrikaldia.com\/fr\/wp-json\/wp\/v2\/comments?post=21816"}],"version-history":[{"count":7,"href":"https:\/\/www.afrikaldia.com\/fr\/wp-json\/wp\/v2\/posts\/21816\/revisions"}],"predecessor-version":[{"id":21823,"href":"https:\/\/www.afrikaldia.com\/fr\/wp-json\/wp\/v2\/posts\/21816\/revisions\/21823"}],"wp:featuredmedia":[{"embeddable":true,"href":"https:\/\/www.afrikaldia.com\/fr\/wp-json\/wp\/v2\/media\/20435"}],"wp:attachment":[{"href":"https:\/\/www.afrikaldia.com\/fr\/wp-json\/wp\/v2\/media?parent=21816"}],"wp:term":[{"taxonomy":"category","embeddable":true,"href":"https:\/\/www.afrikaldia.com\/fr\/wp-json\/wp\/v2\/categories?post=21816"},{"taxonomy":"post_tag","embeddable":true,"href":"https:\/\/www.afrikaldia.com\/fr\/wp-json\/wp\/v2\/tags?post=21816"}],"curies":[{"name":"wp","href":"https:\/\/api.w.org\/{rel}","templated":true}]}}