{"id":15910,"date":"2023-09-05T08:55:04","date_gmt":"2023-09-05T08:55:04","guid":{"rendered":"https:\/\/www.afrikaldia.com\/2023\/09\/05\/tarik-el-idrissi\/"},"modified":"2023-09-21T16:16:48","modified_gmt":"2023-09-21T16:16:48","slug":"tarik-el-idrissi","status":"publish","type":"post","link":"https:\/\/www.afrikaldia.com\/fr\/2023\/09\/05\/tarik-el-idrissi\/","title":{"rendered":"Tarik El Idrissi"},"content":{"rendered":"\t\t<div data-elementor-type=\"wp-post\" data-elementor-id=\"15910\" class=\"elementor elementor-15910 elementor-15904\">\n\t\t\t\t\t\t<section class=\"elementor-section elementor-top-section elementor-element elementor-element-ec9864a elementor-section-boxed elementor-section-height-default elementor-section-height-default qodef-elementor-content-no\" data-id=\"ec9864a\" data-element_type=\"section\">\n\t\t\t\t\t\t<div class=\"elementor-container elementor-column-gap-default\">\n\t\t\t\t\t<div class=\"elementor-column elementor-col-100 elementor-top-column elementor-element elementor-element-e8bf106\" data-id=\"e8bf106\" data-element_type=\"column\">\n\t\t\t<div class=\"elementor-widget-wrap elementor-element-populated\">\n\t\t\t\t\t\t<section class=\"elementor-section elementor-inner-section elementor-element elementor-element-f223020 elementor-section-boxed elementor-section-height-default elementor-section-height-default qodef-elementor-content-no\" data-id=\"f223020\" data-element_type=\"section\">\n\t\t\t\t\t\t<div class=\"elementor-container elementor-column-gap-default\">\n\t\t\t\t\t<div class=\"elementor-column elementor-col-100 elementor-inner-column elementor-element elementor-element-f74ee49\" data-id=\"f74ee49\" data-element_type=\"column\">\n\t\t\t<div class=\"elementor-widget-wrap elementor-element-populated\">\n\t\t\t\t\t\t<div class=\"elementor-element elementor-element-8f0039a elementor-widget elementor-widget-coppola_core_section_title\" data-id=\"8f0039a\" data-element_type=\"widget\" data-widget_type=\"coppola_core_section_title.default\">\n\t\t\t\t<div class=\"elementor-widget-container\">\n\t\t\t\t\t<div class=\"qodef-shortcode qodef-m  qodef-section-title qodef-alignment--left \">\n\t\t\t<h2 class=\"qodef-m-title\" >\n\t\t\t\t\tTarik El Idrissi\t\t\t<\/h2>\n\t\t<\/div>\n\t\t\t\t<\/div>\n\t\t\t\t<\/div>\n\t\t\t\t\t<\/div>\n\t\t<\/div>\n\t\t\t\t\t<\/div>\n\t\t<\/section>\n\t\t\t\t<section class=\"elementor-section elementor-inner-section elementor-element elementor-element-f45164e elementor-section-boxed elementor-section-height-default elementor-section-height-default qodef-elementor-content-no\" data-id=\"f45164e\" data-element_type=\"section\">\n\t\t\t\t\t\t<div class=\"elementor-container elementor-column-gap-default\">\n\t\t\t\t\t<div class=\"elementor-column elementor-col-50 elementor-inner-column elementor-element elementor-element-0994d97\" data-id=\"0994d97\" data-element_type=\"column\">\n\t\t\t<div class=\"elementor-widget-wrap elementor-element-populated\">\n\t\t\t\t\t\t<div class=\"elementor-element elementor-element-24cb30f elementor-widget elementor-widget-image\" data-id=\"24cb30f\" data-element_type=\"widget\" data-widget_type=\"image.default\">\n\t\t\t\t<div class=\"elementor-widget-container\">\n\t\t\t\t\t\t\t\t\t\t\t\t\t\t\t<img fetchpriority=\"high\" decoding=\"async\" width=\"1000\" height=\"1000\" src=\"https:\/\/www.afrikaldia.com\/wp-content\/uploads\/2023\/09\/Tarik-El-Idrissi.jpg\" class=\"attachment-full size-full wp-image-15790\" alt=\"\" srcset=\"https:\/\/www.afrikaldia.com\/wp-content\/uploads\/2023\/09\/Tarik-El-Idrissi.jpg 1000w, https:\/\/www.afrikaldia.com\/wp-content\/uploads\/2023\/09\/Tarik-El-Idrissi-300x300.jpg 300w, https:\/\/www.afrikaldia.com\/wp-content\/uploads\/2023\/09\/Tarik-El-Idrissi-150x150.jpg 150w, https:\/\/www.afrikaldia.com\/wp-content\/uploads\/2023\/09\/Tarik-El-Idrissi-768x768.jpg 768w, https:\/\/www.afrikaldia.com\/wp-content\/uploads\/2023\/09\/Tarik-El-Idrissi-650x650.jpg 650w\" sizes=\"(max-width: 1000px) 100vw, 1000px\" \/>\t\t\t\t\t\t\t\t\t\t\t\t\t\t\t<\/div>\n\t\t\t\t<\/div>\n\t\t\t\t\t<\/div>\n\t\t<\/div>\n\t\t\t\t<div class=\"elementor-column elementor-col-50 elementor-inner-column elementor-element elementor-element-1645de3\" data-id=\"1645de3\" data-element_type=\"column\">\n\t\t\t<div class=\"elementor-widget-wrap elementor-element-populated\">\n\t\t\t\t\t\t<div class=\"elementor-element elementor-element-d95682b elementor-widget elementor-widget-text-editor\" data-id=\"d95682b\" data-element_type=\"widget\" data-widget_type=\"text-editor.default\">\n\t\t\t\t<div class=\"elementor-widget-container\">\n\t\t\t\t\t\t\t\t\t<p><strong>BIO<\/strong><\/p><p>N\u00e9 en 1978 \u00e0 Al-Hoceima, au Maroc. Il a fait des \u00e9tudes de cin\u00e9ma \u00e0 l&rsquo;\u00e9cole Metropolis de Madrid.<\/p><p>Il a obtenu de nombreux prix nationaux et internationaux.<\/p><p>Sa filmographie comprend 3 documentaires, 1 long m\u00e9trage, 1 t\u00e9l\u00e9film et 2 s\u00e9ries tv, ainsi qu&rsquo;une trentaine de films institutionnels.<\/p><p><em>Sound of Berberia<\/em>, film d&rsquo;ouverture d&rsquo;AFRIKALDIA 2023 et premi\u00e8re en Espagne, est son dernier documentaire.<\/p>\t\t\t\t\t\t\t\t<\/div>\n\t\t\t\t<\/div>\n\t\t\t\t\t<\/div>\n\t\t<\/div>\n\t\t\t\t\t<\/div>\n\t\t<\/section>\n\t\t\t\t<section class=\"elementor-section elementor-inner-section elementor-element elementor-element-665c6ea elementor-section-boxed elementor-section-height-default elementor-section-height-default qodef-elementor-content-no\" data-id=\"665c6ea\" data-element_type=\"section\">\n\t\t\t\t\t\t<div class=\"elementor-container elementor-column-gap-default\">\n\t\t\t\t\t<div class=\"elementor-column elementor-col-100 elementor-inner-column elementor-element elementor-element-0fc6daa\" data-id=\"0fc6daa\" data-element_type=\"column\">\n\t\t\t<div class=\"elementor-widget-wrap elementor-element-populated\">\n\t\t\t\t\t\t<div class=\"elementor-element elementor-element-ed933fd elementor-widget elementor-widget-text-editor\" data-id=\"ed933fd\" data-element_type=\"widget\" data-widget_type=\"text-editor.default\">\n\t\t\t\t<div class=\"elementor-widget-container\">\n\t\t\t\t\t\t\t\t\t<p><strong>FILMOGRAPHIE<\/strong><\/p><p><strong>2007<\/strong> <em>Arrhash; <\/em>moyen-m\u00e9trage documentaire <br \/><strong>2014<\/strong> <em>Rif 58-59: Briser le Silence; <\/em>long-m\u00e9trage documentaire <br \/><strong>2017 <\/strong><em>Le voyage de Khadija; <\/em>long-m\u00e9trage documentaire <br \/><strong>2019 <\/strong><em>Wapa n`Arif; <\/em>t\u00e9l\u00e9film <br \/><strong>2020 <\/strong><em>Maghrido; <\/em>s\u00e9rie fiction (tv) <br \/><strong>2021 <\/strong><em>Tibratin n\u00b4Marzok; <\/em>s\u00e9rie fiction (tv) <br \/><strong>2023 <\/strong><em>Sound of Berberia; <\/em>long-m\u00e9trage documentaire<\/p><p><b><span data-contrast=\"auto\">D\u00c9CLARATION DU R\u00c9ALISATEUR<\/span><\/b><span data-ccp-props=\"{&quot;134233117&quot;:true,&quot;134233118&quot;:true,&quot;335551550&quot;:6,&quot;335551620&quot;:6}\">\u00a0<\/span><\/p><p><span data-contrast=\"auto\">Malgre\u0301 toutes les recherches que l\u2019on puisse faire a\u0300 ce sujet, l&rsquo;identite\u0301 reste un terme ambigu. C\u2019est une lutte continue et constante au sein de nous-me\u0302mes, de nos propres frontie\u0300res inte\u0301rieures, de nos contradictions.\u00a0<\/span><span data-ccp-props=\"{&quot;134233117&quot;:true,&quot;134233118&quot;:true,&quot;335551550&quot;:6,&quot;335551620&quot;:6}\">\u00a0<\/span><\/p><p><span data-contrast=\"auto\">SOUND OF BERBERIA est un projet cin\u00e9matographique relayant l\u2019histoire de deux musiciens qui traversent l\u2019Afrique du Nord \u00e0 la recherche du vrai son Amazigh. <\/span><span data-contrast=\"auto\">Une r\u00e9flexion autour des fronti\u00e8res, physiques et imaginaires, tant\u00f4t proches, tant\u00f4t lointaines, tant\u00f4t crois\u00e9es.<\/span><span data-ccp-props=\"{&quot;134233117&quot;:true,&quot;134233118&quot;:true,&quot;335551550&quot;:6,&quot;335551620&quot;:6}\">\u00a0<\/span><\/p><p><span data-contrast=\"auto\">J&rsquo;ai e\u0301te\u0301 oblige\u0301 d&rsquo;e\u0301crire un sce\u0301nario de fiction d&rsquo;un voyage, ou pluto\u0302t d&rsquo;un re\u0302ve que je n&rsquo;ai jamais pu re\u0301aliser. En 2003, alors que j&rsquo;e\u0301tais e\u0301tudiant en cine\u0301ma a\u0300 Madrid, je voulais prendre ma came\u0301ra accompagne\u0301 de mon cousin Kino et sa guitare et voyager a\u0300 travers l&rsquo;Afrique du Nord a\u0300 la recherche du son Amazigh, mais les conflits arme\u0301s nous ont empe\u0302che\u0301s de re\u0301aliser ce re\u0302ve.\u00a0<\/span><span data-ccp-props=\"{&quot;134233117&quot;:true,&quot;134233118&quot;:true}\">\u00a0<\/span><\/p>\t\t\t\t\t\t\t\t<\/div>\n\t\t\t\t<\/div>\n\t\t\t\t<div class=\"elementor-element elementor-element-821fda1 elementor-widget elementor-widget-coppola_core_button\" data-id=\"821fda1\" data-element_type=\"widget\" data-widget_type=\"coppola_core_button.default\">\n\t\t\t\t<div class=\"elementor-widget-container\">\n\t\t\t\t\t<a class=\"qodef-shortcode qodef-m  qodef-button qodef-layout--textual  qodef-skin--default qodef-html--link\" href=\"\/fr\/personnes-invitees\/\" target=\"_self\"  >\n\t<span class=\"qodef-m-text\">PERSONNES INVIT\u00c9ES<svg class=\"qodef-svg--button-arrow\" xmlns=\"http:\/\/www.w3.org\/2000\/svg\" width=\"12.0148\" height=\"12.0143\"\n     viewBox=\"0 0 12.0148 12.0143\"><g><line x1=\"0.7071\" y1=\"11.3071\" x2=\"10.6066\" y2=\"1.4077\"\/><polyline points=\"1.015 1 11.015 1 11.015 11\"\/><\/g><g><line x1=\"0.7071\" y1=\"11.3071\" x2=\"10.6066\" y2=\"1.4077\"\/><polyline points=\"1.015 1 11.015 1 11.015 11\"\/><\/g><\/svg><\/span>\n<\/a>\n\t\t\t\t<\/div>\n\t\t\t\t<\/div>\n\t\t\t\t<div class=\"elementor-element elementor-element-2c8c2c3 elementor-widget elementor-widget-coppola_core_button\" data-id=\"2c8c2c3\" data-element_type=\"widget\" data-widget_type=\"coppola_core_button.default\">\n\t\t\t\t<div class=\"elementor-widget-container\">\n\t\t\t\t\t<a class=\"qodef-shortcode qodef-m  qodef-button qodef-layout--textual  qodef-skin--default qodef-html--link\" href=\"https:\/\/www.afrikaldia.com\/fr\/portfolio-item\/sound-of-berberia\/\" target=\"_self\"  >\n\t<span class=\"qodef-m-text\">VOIR FILM &quot;Sound of Berberia&quot;<svg class=\"qodef-svg--button-arrow\" xmlns=\"http:\/\/www.w3.org\/2000\/svg\" width=\"12.0148\" height=\"12.0143\"\n     viewBox=\"0 0 12.0148 12.0143\"><g><line x1=\"0.7071\" y1=\"11.3071\" x2=\"10.6066\" y2=\"1.4077\"\/><polyline points=\"1.015 1 11.015 1 11.015 11\"\/><\/g><g><line x1=\"0.7071\" y1=\"11.3071\" x2=\"10.6066\" y2=\"1.4077\"\/><polyline points=\"1.015 1 11.015 1 11.015 11\"\/><\/g><\/svg><\/span>\n<\/a>\n\t\t\t\t<\/div>\n\t\t\t\t<\/div>\n\t\t\t\t\t<\/div>\n\t\t<\/div>\n\t\t\t\t\t<\/div>\n\t\t<\/section>\n\t\t\t\t\t<\/div>\n\t\t<\/div>\n\t\t\t\t\t<\/div>\n\t\t<\/section>\n\t\t\t\t<\/div>\n\t\t","protected":false},"excerpt":{"rendered":"<p>Lorem ipsum dolor sit amet, consectetur adipiscing elit.<\/p>\n","protected":false},"author":1,"featured_media":15790,"comment_status":"closed","ping_status":"closed","sticky":false,"template":"elementor_header_footer","format":"standard","meta":{"_monsterinsights_skip_tracking":false,"_monsterinsights_sitenote_active":false,"_monsterinsights_sitenote_note":"","_monsterinsights_sitenote_category":0,"footnotes":""},"categories":[129,145],"tags":[],"class_list":["post-15910","post","type-post","status-publish","format-standard","has-post-thumbnail","hentry","category-director-fr","category-invitees-2023"],"yoast_head":"<!-- This site is optimized with the Yoast SEO plugin v26.2 - https:\/\/yoast.com\/wordpress\/plugins\/seo\/ -->\n<title>Tarik El Idrissi - Afrikaldia \u2013 Festival Vasco de Cines Africanos<\/title>\n<meta name=\"robots\" content=\"index, follow, max-snippet:-1, max-image-preview:large, max-video-preview:-1\" \/>\n<link rel=\"canonical\" href=\"https:\/\/www.afrikaldia.com\/fr\/2023\/09\/05\/tarik-el-idrissi\/\" \/>\n<meta property=\"og:locale\" content=\"fr_FR\" \/>\n<meta property=\"og:type\" content=\"article\" \/>\n<meta property=\"og:title\" content=\"Tarik El Idrissi - Afrikaldia \u2013 Festival Vasco de Cines Africanos\" \/>\n<meta property=\"og:description\" content=\"Lorem ipsum dolor sit amet, consectetur adipiscing elit.\" \/>\n<meta property=\"og:url\" content=\"https:\/\/www.afrikaldia.com\/fr\/2023\/09\/05\/tarik-el-idrissi\/\" \/>\n<meta property=\"og:site_name\" content=\"Afrikaldia \u2013 Festival Vasco de Cines Africanos\" \/>\n<meta property=\"article:published_time\" content=\"2023-09-05T08:55:04+00:00\" \/>\n<meta property=\"article:modified_time\" content=\"2023-09-21T16:16:48+00:00\" \/>\n<meta property=\"og:image\" content=\"https:\/\/www.afrikaldia.com\/wp-content\/uploads\/2023\/09\/Tarik-El-Idrissi.jpg\" \/>\n\t<meta property=\"og:image:width\" content=\"1000\" \/>\n\t<meta property=\"og:image:height\" content=\"1000\" \/>\n\t<meta property=\"og:image:type\" content=\"image\/jpeg\" \/>\n<meta name=\"author\" content=\"AdminAfrika\" \/>\n<meta name=\"twitter:card\" content=\"summary_large_image\" \/>\n<meta name=\"twitter:label1\" content=\"\u00c9crit par\" \/>\n\t<meta name=\"twitter:data1\" content=\"AdminAfrika\" \/>\n\t<meta name=\"twitter:label2\" content=\"Dur\u00e9e de lecture estim\u00e9e\" \/>\n\t<meta name=\"twitter:data2\" content=\"1 minute\" \/>\n<script type=\"application\/ld+json\" class=\"yoast-schema-graph\">{\"@context\":\"https:\/\/schema.org\",\"@graph\":[{\"@type\":\"WebPage\",\"@id\":\"https:\/\/www.afrikaldia.com\/fr\/2023\/09\/05\/tarik-el-idrissi\/\",\"url\":\"https:\/\/www.afrikaldia.com\/fr\/2023\/09\/05\/tarik-el-idrissi\/\",\"name\":\"Tarik El Idrissi - Afrikaldia \u2013 Festival Vasco de Cines Africanos\",\"isPartOf\":{\"@id\":\"https:\/\/www.afrikaldia.com\/#website\"},\"primaryImageOfPage\":{\"@id\":\"https:\/\/www.afrikaldia.com\/fr\/2023\/09\/05\/tarik-el-idrissi\/#primaryimage\"},\"image\":{\"@id\":\"https:\/\/www.afrikaldia.com\/fr\/2023\/09\/05\/tarik-el-idrissi\/#primaryimage\"},\"thumbnailUrl\":\"https:\/\/www.afrikaldia.com\/wp-content\/uploads\/2023\/09\/Tarik-El-Idrissi.jpg\",\"datePublished\":\"2023-09-05T08:55:04+00:00\",\"dateModified\":\"2023-09-21T16:16:48+00:00\",\"author\":{\"@id\":\"https:\/\/www.afrikaldia.com\/#\/schema\/person\/638990ad462c5867697fb0382c10f28e\"},\"breadcrumb\":{\"@id\":\"https:\/\/www.afrikaldia.com\/fr\/2023\/09\/05\/tarik-el-idrissi\/#breadcrumb\"},\"inLanguage\":\"fr-FR\",\"potentialAction\":[{\"@type\":\"ReadAction\",\"target\":[\"https:\/\/www.afrikaldia.com\/fr\/2023\/09\/05\/tarik-el-idrissi\/\"]}]},{\"@type\":\"ImageObject\",\"inLanguage\":\"fr-FR\",\"@id\":\"https:\/\/www.afrikaldia.com\/fr\/2023\/09\/05\/tarik-el-idrissi\/#primaryimage\",\"url\":\"https:\/\/www.afrikaldia.com\/wp-content\/uploads\/2023\/09\/Tarik-El-Idrissi.jpg\",\"contentUrl\":\"https:\/\/www.afrikaldia.com\/wp-content\/uploads\/2023\/09\/Tarik-El-Idrissi.jpg\",\"width\":1000,\"height\":1000},{\"@type\":\"BreadcrumbList\",\"@id\":\"https:\/\/www.afrikaldia.com\/fr\/2023\/09\/05\/tarik-el-idrissi\/#breadcrumb\",\"itemListElement\":[{\"@type\":\"ListItem\",\"position\":1,\"name\":\"Portada\",\"item\":\"https:\/\/www.afrikaldia.com\/fr\/\"},{\"@type\":\"ListItem\",\"position\":2,\"name\":\"Tarik El Idrissi\"}]},{\"@type\":\"WebSite\",\"@id\":\"https:\/\/www.afrikaldia.com\/#website\",\"url\":\"https:\/\/www.afrikaldia.com\/\",\"name\":\"Afrikaldia \u2013 Festival Vasco de Cines Africanos\",\"description\":\"AFRIKALDIA es un festival internacional de cine de car\u00e1cter competitivo, dirigido a todos los p\u00fablicos.\",\"potentialAction\":[{\"@type\":\"SearchAction\",\"target\":{\"@type\":\"EntryPoint\",\"urlTemplate\":\"https:\/\/www.afrikaldia.com\/?s={search_term_string}\"},\"query-input\":{\"@type\":\"PropertyValueSpecification\",\"valueRequired\":true,\"valueName\":\"search_term_string\"}}],\"inLanguage\":\"fr-FR\"},{\"@type\":\"Person\",\"@id\":\"https:\/\/www.afrikaldia.com\/#\/schema\/person\/638990ad462c5867697fb0382c10f28e\",\"name\":\"AdminAfrika\",\"image\":{\"@type\":\"ImageObject\",\"inLanguage\":\"fr-FR\",\"@id\":\"https:\/\/www.afrikaldia.com\/#\/schema\/person\/image\/\",\"url\":\"https:\/\/www.afrikaldia.com\/wp-content\/litespeed\/avatar\/f9f62e4a8710aed3b945aca4f2756f19.jpg?ver=1777444892\",\"contentUrl\":\"https:\/\/www.afrikaldia.com\/wp-content\/litespeed\/avatar\/f9f62e4a8710aed3b945aca4f2756f19.jpg?ver=1777444892\",\"caption\":\"AdminAfrika\"},\"sameAs\":[\"https:\/\/www.afrikaldia.com\"],\"url\":\"https:\/\/www.afrikaldia.com\/fr\/author\/AdminAfrika\/\"}]}<\/script>\n<!-- \/ Yoast SEO plugin. -->","yoast_head_json":{"title":"Tarik El Idrissi - Afrikaldia \u2013 Festival Vasco de Cines Africanos","robots":{"index":"index","follow":"follow","max-snippet":"max-snippet:-1","max-image-preview":"max-image-preview:large","max-video-preview":"max-video-preview:-1"},"canonical":"https:\/\/www.afrikaldia.com\/fr\/2023\/09\/05\/tarik-el-idrissi\/","og_locale":"fr_FR","og_type":"article","og_title":"Tarik El Idrissi - Afrikaldia \u2013 Festival Vasco de Cines Africanos","og_description":"Lorem ipsum dolor sit amet, consectetur adipiscing elit.","og_url":"https:\/\/www.afrikaldia.com\/fr\/2023\/09\/05\/tarik-el-idrissi\/","og_site_name":"Afrikaldia \u2013 Festival Vasco de Cines Africanos","article_published_time":"2023-09-05T08:55:04+00:00","article_modified_time":"2023-09-21T16:16:48+00:00","og_image":[{"width":1000,"height":1000,"url":"https:\/\/www.afrikaldia.com\/wp-content\/uploads\/2023\/09\/Tarik-El-Idrissi.jpg","type":"image\/jpeg"}],"author":"AdminAfrika","twitter_card":"summary_large_image","twitter_misc":{"\u00c9crit par":"AdminAfrika","Dur\u00e9e de lecture estim\u00e9e":"1 minute"},"schema":{"@context":"https:\/\/schema.org","@graph":[{"@type":"WebPage","@id":"https:\/\/www.afrikaldia.com\/fr\/2023\/09\/05\/tarik-el-idrissi\/","url":"https:\/\/www.afrikaldia.com\/fr\/2023\/09\/05\/tarik-el-idrissi\/","name":"Tarik El Idrissi - Afrikaldia \u2013 Festival Vasco de Cines Africanos","isPartOf":{"@id":"https:\/\/www.afrikaldia.com\/#website"},"primaryImageOfPage":{"@id":"https:\/\/www.afrikaldia.com\/fr\/2023\/09\/05\/tarik-el-idrissi\/#primaryimage"},"image":{"@id":"https:\/\/www.afrikaldia.com\/fr\/2023\/09\/05\/tarik-el-idrissi\/#primaryimage"},"thumbnailUrl":"https:\/\/www.afrikaldia.com\/wp-content\/uploads\/2023\/09\/Tarik-El-Idrissi.jpg","datePublished":"2023-09-05T08:55:04+00:00","dateModified":"2023-09-21T16:16:48+00:00","author":{"@id":"https:\/\/www.afrikaldia.com\/#\/schema\/person\/638990ad462c5867697fb0382c10f28e"},"breadcrumb":{"@id":"https:\/\/www.afrikaldia.com\/fr\/2023\/09\/05\/tarik-el-idrissi\/#breadcrumb"},"inLanguage":"fr-FR","potentialAction":[{"@type":"ReadAction","target":["https:\/\/www.afrikaldia.com\/fr\/2023\/09\/05\/tarik-el-idrissi\/"]}]},{"@type":"ImageObject","inLanguage":"fr-FR","@id":"https:\/\/www.afrikaldia.com\/fr\/2023\/09\/05\/tarik-el-idrissi\/#primaryimage","url":"https:\/\/www.afrikaldia.com\/wp-content\/uploads\/2023\/09\/Tarik-El-Idrissi.jpg","contentUrl":"https:\/\/www.afrikaldia.com\/wp-content\/uploads\/2023\/09\/Tarik-El-Idrissi.jpg","width":1000,"height":1000},{"@type":"BreadcrumbList","@id":"https:\/\/www.afrikaldia.com\/fr\/2023\/09\/05\/tarik-el-idrissi\/#breadcrumb","itemListElement":[{"@type":"ListItem","position":1,"name":"Portada","item":"https:\/\/www.afrikaldia.com\/fr\/"},{"@type":"ListItem","position":2,"name":"Tarik El Idrissi"}]},{"@type":"WebSite","@id":"https:\/\/www.afrikaldia.com\/#website","url":"https:\/\/www.afrikaldia.com\/","name":"Afrikaldia \u2013 Festival Vasco de Cines Africanos","description":"AFRIKALDIA es un festival internacional de cine de car\u00e1cter competitivo, dirigido a todos los p\u00fablicos.","potentialAction":[{"@type":"SearchAction","target":{"@type":"EntryPoint","urlTemplate":"https:\/\/www.afrikaldia.com\/?s={search_term_string}"},"query-input":{"@type":"PropertyValueSpecification","valueRequired":true,"valueName":"search_term_string"}}],"inLanguage":"fr-FR"},{"@type":"Person","@id":"https:\/\/www.afrikaldia.com\/#\/schema\/person\/638990ad462c5867697fb0382c10f28e","name":"AdminAfrika","image":{"@type":"ImageObject","inLanguage":"fr-FR","@id":"https:\/\/www.afrikaldia.com\/#\/schema\/person\/image\/","url":"https:\/\/www.afrikaldia.com\/wp-content\/litespeed\/avatar\/f9f62e4a8710aed3b945aca4f2756f19.jpg?ver=1777444892","contentUrl":"https:\/\/www.afrikaldia.com\/wp-content\/litespeed\/avatar\/f9f62e4a8710aed3b945aca4f2756f19.jpg?ver=1777444892","caption":"AdminAfrika"},"sameAs":["https:\/\/www.afrikaldia.com"],"url":"https:\/\/www.afrikaldia.com\/fr\/author\/AdminAfrika\/"}]}},"_links":{"self":[{"href":"https:\/\/www.afrikaldia.com\/fr\/wp-json\/wp\/v2\/posts\/15910","targetHints":{"allow":["GET"]}}],"collection":[{"href":"https:\/\/www.afrikaldia.com\/fr\/wp-json\/wp\/v2\/posts"}],"about":[{"href":"https:\/\/www.afrikaldia.com\/fr\/wp-json\/wp\/v2\/types\/post"}],"author":[{"embeddable":true,"href":"https:\/\/www.afrikaldia.com\/fr\/wp-json\/wp\/v2\/users\/1"}],"replies":[{"embeddable":true,"href":"https:\/\/www.afrikaldia.com\/fr\/wp-json\/wp\/v2\/comments?post=15910"}],"version-history":[{"count":24,"href":"https:\/\/www.afrikaldia.com\/fr\/wp-json\/wp\/v2\/posts\/15910\/revisions"}],"predecessor-version":[{"id":18429,"href":"https:\/\/www.afrikaldia.com\/fr\/wp-json\/wp\/v2\/posts\/15910\/revisions\/18429"}],"wp:featuredmedia":[{"embeddable":true,"href":"https:\/\/www.afrikaldia.com\/fr\/wp-json\/wp\/v2\/media\/15790"}],"wp:attachment":[{"href":"https:\/\/www.afrikaldia.com\/fr\/wp-json\/wp\/v2\/media?parent=15910"}],"wp:term":[{"taxonomy":"category","embeddable":true,"href":"https:\/\/www.afrikaldia.com\/fr\/wp-json\/wp\/v2\/categories?post=15910"},{"taxonomy":"post_tag","embeddable":true,"href":"https:\/\/www.afrikaldia.com\/fr\/wp-json\/wp\/v2\/tags?post=15910"}],"curies":[{"name":"wp","href":"https:\/\/api.w.org\/{rel}","templated":true}]}}