{"id":15694,"date":"2023-09-04T14:49:13","date_gmt":"2023-09-04T14:49:13","guid":{"rendered":"https:\/\/www.afrikaldia.com\/2023\/09\/04\/paloma-etienne\/"},"modified":"2023-09-04T14:56:39","modified_gmt":"2023-09-04T14:56:39","slug":"paloma-etienne","status":"publish","type":"post","link":"https:\/\/www.afrikaldia.com\/fr\/2023\/09\/04\/paloma-etienne\/","title":{"rendered":"Paloma Etienne"},"content":{"rendered":"\t\t<div data-elementor-type=\"wp-post\" data-elementor-id=\"15694\" class=\"elementor elementor-15694 elementor-15682\">\n\t\t\t\t\t\t<section class=\"elementor-section elementor-top-section elementor-element elementor-element-ec9864a elementor-section-boxed elementor-section-height-default elementor-section-height-default qodef-elementor-content-no\" data-id=\"ec9864a\" data-element_type=\"section\">\n\t\t\t\t\t\t<div class=\"elementor-container elementor-column-gap-default\">\n\t\t\t\t\t<div class=\"elementor-column elementor-col-100 elementor-top-column elementor-element elementor-element-e8bf106\" data-id=\"e8bf106\" data-element_type=\"column\">\n\t\t\t<div class=\"elementor-widget-wrap elementor-element-populated\">\n\t\t\t\t\t\t<section class=\"elementor-section elementor-inner-section elementor-element elementor-element-f223020 elementor-section-boxed elementor-section-height-default elementor-section-height-default qodef-elementor-content-no\" data-id=\"f223020\" data-element_type=\"section\">\n\t\t\t\t\t\t<div class=\"elementor-container elementor-column-gap-default\">\n\t\t\t\t\t<div class=\"elementor-column elementor-col-100 elementor-inner-column elementor-element elementor-element-f74ee49\" data-id=\"f74ee49\" data-element_type=\"column\">\n\t\t\t<div class=\"elementor-widget-wrap elementor-element-populated\">\n\t\t\t\t\t\t<div class=\"elementor-element elementor-element-8f0039a elementor-widget elementor-widget-coppola_core_section_title\" data-id=\"8f0039a\" data-element_type=\"widget\" data-widget_type=\"coppola_core_section_title.default\">\n\t\t\t\t<div class=\"elementor-widget-container\">\n\t\t\t\t\t<div class=\"qodef-shortcode qodef-m  qodef-section-title qodef-alignment--left \">\n\t\t\t<h2 class=\"qodef-m-title\" >\n\t\t\t\t\t Paloma Etienne\t\t\t<\/h2>\n\t\t<\/div>\n\t\t\t\t<\/div>\n\t\t\t\t<\/div>\n\t\t\t\t\t<\/div>\n\t\t<\/div>\n\t\t\t\t\t<\/div>\n\t\t<\/section>\n\t\t\t\t<section class=\"elementor-section elementor-inner-section elementor-element elementor-element-f45164e elementor-section-boxed elementor-section-height-default elementor-section-height-default qodef-elementor-content-no\" data-id=\"f45164e\" data-element_type=\"section\">\n\t\t\t\t\t\t<div class=\"elementor-container elementor-column-gap-default\">\n\t\t\t\t\t<div class=\"elementor-column elementor-col-50 elementor-inner-column elementor-element elementor-element-0994d97\" data-id=\"0994d97\" data-element_type=\"column\">\n\t\t\t<div class=\"elementor-widget-wrap elementor-element-populated\">\n\t\t\t\t\t\t<div class=\"elementor-element elementor-element-24cb30f elementor-widget elementor-widget-image\" data-id=\"24cb30f\" data-element_type=\"widget\" data-widget_type=\"image.default\">\n\t\t\t\t<div class=\"elementor-widget-container\">\n\t\t\t\t\t\t\t\t\t\t\t\t\t\t\t<img fetchpriority=\"high\" decoding=\"async\" width=\"1000\" height=\"1000\" src=\"https:\/\/www.afrikaldia.com\/wp-content\/uploads\/2023\/09\/Paloma-Etienne.jpg\" class=\"attachment-full size-full wp-image-15640\" alt=\"\" srcset=\"https:\/\/www.afrikaldia.com\/wp-content\/uploads\/2023\/09\/Paloma-Etienne.jpg 1000w, https:\/\/www.afrikaldia.com\/wp-content\/uploads\/2023\/09\/Paloma-Etienne-300x300.jpg 300w, https:\/\/www.afrikaldia.com\/wp-content\/uploads\/2023\/09\/Paloma-Etienne-150x150.jpg 150w, https:\/\/www.afrikaldia.com\/wp-content\/uploads\/2023\/09\/Paloma-Etienne-768x768.jpg 768w, https:\/\/www.afrikaldia.com\/wp-content\/uploads\/2023\/09\/Paloma-Etienne-650x650.jpg 650w\" sizes=\"(max-width: 1000px) 100vw, 1000px\" \/>\t\t\t\t\t\t\t\t\t\t\t\t\t\t\t<\/div>\n\t\t\t\t<\/div>\n\t\t\t\t\t<\/div>\n\t\t<\/div>\n\t\t\t\t<div class=\"elementor-column elementor-col-50 elementor-inner-column elementor-element elementor-element-1645de3\" data-id=\"1645de3\" data-element_type=\"column\">\n\t\t\t<div class=\"elementor-widget-wrap elementor-element-populated\">\n\t\t\t\t\t\t<div class=\"elementor-element elementor-element-d95682b elementor-widget elementor-widget-text-editor\" data-id=\"d95682b\" data-element_type=\"widget\" data-widget_type=\"text-editor.default\">\n\t\t\t\t<div class=\"elementor-widget-container\">\n\t\t\t\t\t\t\t\t\t<p><strong>Paloma Etienne<\/strong> est une artiste aux multiples facettes dont le travail se situe \u00e0 l&rsquo;intersection de l&rsquo;art, de la technologie et de la conscience sociale. Elle pr\u00f4ne l&rsquo;int\u00e9gration de diverses communaut\u00e9s dans le Web 3, l&rsquo;intelligence artificielle, l&rsquo;apprentissage automatique et la technologie blockchain.<\/p><p>N\u00e9e \u00e0 Madrid d&rsquo;un p\u00e8re ha\u00eftien et d&rsquo;une m\u00e8re espagnole, elle a \u00e9tudi\u00e9 le cin\u00e9ma et les beaux-arts \u00e0 la Central Saint Martins School of Art, et la culture afro-descendante \u00e0 la Middlesex University, toutes deux \u00e0 Londres. Il a poursuivi sa formation artistique au d\u00e9partement d&rsquo;\u00e9tudes africaines de l&rsquo;universit\u00e9 d&rsquo;\u00c9tat de Californie (Sacramento, \u00c9tats-Unis). En tant que cin\u00e9aste et artiste visuelle, elle a cr\u00e9\u00e9 une s\u00e9rie de courts m\u00e9trages d\u2019auteur qui explorent son imaginaire identitaire afro-descendant et sa dissidence sexuelle, d\u00e9peints avec une prose po\u00e9tique dans des images hautement symboliques. Sa derni\u00e8re \u0153uvre, <em>Ash\u00e9, el Amor en el Recuerdo<\/em>, est le d\u00e9but d&rsquo;une s\u00e9rie de travaux visant \u00e0 explorer et \u00e0 exprimer les \u00e9motions li\u00e9es \u00e0 la perte et au deuil. Paloma s&rsquo;est engag\u00e9e \u00e0 cr\u00e9er des \u0153uvres qui rendent la sant\u00e9 mentale visible, encourageant ainsi le dialogue social et culturel sur ce sujet.\u00a0<\/p><p>Elle croit fermement au pouvoir des technologies du Web3 et de l&rsquo;IA pour renforcer les communaut\u00e9s diverses, racialis\u00e9es et LGTBIQ+. \u00c0 travers <em>DAO ASH\u00c9<\/em> &#8211; une communaut\u00e9 d\u00e9centralis\u00e9e qu&rsquo;elle a fond\u00e9e en 2022 &#8211; elle travaille \u00e0 la cr\u00e9ation de partenariats, de formations et de curation en offrant aux artistes et aux activistes l&rsquo;opportunit\u00e9 d&rsquo;\u00eatre des pionniers de l&rsquo;innovation.<\/p>\t\t\t\t\t\t\t\t<\/div>\n\t\t\t\t<\/div>\n\t\t\t\t\t<\/div>\n\t\t<\/div>\n\t\t\t\t\t<\/div>\n\t\t<\/section>\n\t\t\t\t<section class=\"elementor-section elementor-inner-section elementor-element elementor-element-665c6ea elementor-section-boxed elementor-section-height-default elementor-section-height-default qodef-elementor-content-no\" data-id=\"665c6ea\" data-element_type=\"section\">\n\t\t\t\t\t\t<div class=\"elementor-container elementor-column-gap-default\">\n\t\t\t\t\t<div class=\"elementor-column elementor-col-100 elementor-inner-column elementor-element elementor-element-0fc6daa\" data-id=\"0fc6daa\" data-element_type=\"column\">\n\t\t\t<div class=\"elementor-widget-wrap elementor-element-populated\">\n\t\t\t\t\t\t<div class=\"elementor-element elementor-element-ed933fd elementor-widget elementor-widget-text-editor\" data-id=\"ed933fd\" data-element_type=\"widget\" data-widget_type=\"text-editor.default\">\n\t\t\t\t<div class=\"elementor-widget-container\">\n\t\t\t\t\t\t\t\t\t<p>Elle fait partie du collectif artistique <em>Intersticios<\/em> organis\u00e9 par La Parcer\u00eda et Espacio Afro \u00e0 Madrid. Cet automne, elle pr\u00e9sentera son travail dans le cadre de l&rsquo;exposition collective <em>Todo lo Dem\u00e1s<\/em>, une approche aux espaces d&rsquo;art contemporain \u00e0 Madrid.<\/p>\t\t\t\t\t\t\t\t<\/div>\n\t\t\t\t<\/div>\n\t\t\t\t<div class=\"elementor-element elementor-element-d408da1 elementor-widget elementor-widget-coppola_core_button\" data-id=\"d408da1\" data-element_type=\"widget\" data-widget_type=\"coppola_core_button.default\">\n\t\t\t\t<div class=\"elementor-widget-container\">\n\t\t\t\t\t<a class=\"qodef-shortcode qodef-m  qodef-button qodef-layout--textual  qodef-skin--default qodef-html--link\" href=\"\/fr\/jury\/\" target=\"_self\"  >\n\t<span class=\"qodef-m-text\">JURY<svg class=\"qodef-svg--button-arrow\" xmlns=\"http:\/\/www.w3.org\/2000\/svg\" width=\"12.0148\" height=\"12.0143\"\n     viewBox=\"0 0 12.0148 12.0143\"><g><line x1=\"0.7071\" y1=\"11.3071\" x2=\"10.6066\" y2=\"1.4077\"\/><polyline points=\"1.015 1 11.015 1 11.015 11\"\/><\/g><g><line x1=\"0.7071\" y1=\"11.3071\" x2=\"10.6066\" y2=\"1.4077\"\/><polyline points=\"1.015 1 11.015 1 11.015 11\"\/><\/g><\/svg><\/span>\n<\/a>\n\t\t\t\t<\/div>\n\t\t\t\t<\/div>\n\t\t\t\t\t<\/div>\n\t\t<\/div>\n\t\t\t\t\t<\/div>\n\t\t<\/section>\n\t\t\t\t\t<\/div>\n\t\t<\/div>\n\t\t\t\t\t<\/div>\n\t\t<\/section>\n\t\t\t\t<\/div>\n\t\t","protected":false},"excerpt":{"rendered":"<p>Lorem ipsum dolor sit amet, consectetur adipiscing elit.<\/p>\n","protected":false},"author":1,"featured_media":15640,"comment_status":"closed","ping_status":"closed","sticky":false,"template":"elementor_header_footer","format":"standard","meta":{"_monsterinsights_skip_tracking":false,"_monsterinsights_sitenote_active":false,"_monsterinsights_sitenote_note":"","_monsterinsights_sitenote_category":0,"footnotes":""},"categories":[142],"tags":[],"class_list":["post-15694","post","type-post","status-publish","format-standard","has-post-thumbnail","hentry","category-jurado-2023-fr"],"yoast_head":"<!-- This site is optimized with the Yoast SEO plugin v26.2 - https:\/\/yoast.com\/wordpress\/plugins\/seo\/ -->\n<title>Paloma Etienne - Afrikaldia \u2013 Festival Vasco de Cines Africanos<\/title>\n<meta name=\"robots\" content=\"index, follow, max-snippet:-1, max-image-preview:large, max-video-preview:-1\" \/>\n<link rel=\"canonical\" href=\"https:\/\/www.afrikaldia.com\/fr\/2023\/09\/04\/paloma-etienne\/\" \/>\n<meta property=\"og:locale\" content=\"fr_FR\" \/>\n<meta property=\"og:type\" content=\"article\" \/>\n<meta property=\"og:title\" content=\"Paloma Etienne - Afrikaldia \u2013 Festival Vasco de Cines Africanos\" \/>\n<meta property=\"og:description\" content=\"Lorem ipsum dolor sit amet, consectetur adipiscing elit.\" \/>\n<meta property=\"og:url\" content=\"https:\/\/www.afrikaldia.com\/fr\/2023\/09\/04\/paloma-etienne\/\" \/>\n<meta property=\"og:site_name\" content=\"Afrikaldia \u2013 Festival Vasco de Cines Africanos\" \/>\n<meta property=\"article:published_time\" content=\"2023-09-04T14:49:13+00:00\" \/>\n<meta property=\"article:modified_time\" content=\"2023-09-04T14:56:39+00:00\" \/>\n<meta property=\"og:image\" content=\"https:\/\/www.afrikaldia.com\/wp-content\/uploads\/2023\/09\/Paloma-Etienne.jpg\" \/>\n\t<meta property=\"og:image:width\" content=\"1000\" \/>\n\t<meta property=\"og:image:height\" content=\"1000\" \/>\n\t<meta property=\"og:image:type\" content=\"image\/jpeg\" \/>\n<meta name=\"author\" content=\"AdminAfrika\" \/>\n<meta name=\"twitter:card\" content=\"summary_large_image\" \/>\n<meta name=\"twitter:label1\" content=\"\u00c9crit par\" \/>\n\t<meta name=\"twitter:data1\" content=\"AdminAfrika\" \/>\n\t<meta name=\"twitter:label2\" content=\"Dur\u00e9e de lecture estim\u00e9e\" \/>\n\t<meta name=\"twitter:data2\" content=\"2 minutes\" \/>\n<script type=\"application\/ld+json\" class=\"yoast-schema-graph\">{\"@context\":\"https:\/\/schema.org\",\"@graph\":[{\"@type\":\"WebPage\",\"@id\":\"https:\/\/www.afrikaldia.com\/fr\/2023\/09\/04\/paloma-etienne\/\",\"url\":\"https:\/\/www.afrikaldia.com\/fr\/2023\/09\/04\/paloma-etienne\/\",\"name\":\"Paloma Etienne - Afrikaldia \u2013 Festival Vasco de Cines Africanos\",\"isPartOf\":{\"@id\":\"https:\/\/www.afrikaldia.com\/#website\"},\"primaryImageOfPage\":{\"@id\":\"https:\/\/www.afrikaldia.com\/fr\/2023\/09\/04\/paloma-etienne\/#primaryimage\"},\"image\":{\"@id\":\"https:\/\/www.afrikaldia.com\/fr\/2023\/09\/04\/paloma-etienne\/#primaryimage\"},\"thumbnailUrl\":\"https:\/\/www.afrikaldia.com\/wp-content\/uploads\/2023\/09\/Paloma-Etienne.jpg\",\"datePublished\":\"2023-09-04T14:49:13+00:00\",\"dateModified\":\"2023-09-04T14:56:39+00:00\",\"author\":{\"@id\":\"https:\/\/www.afrikaldia.com\/#\/schema\/person\/638990ad462c5867697fb0382c10f28e\"},\"breadcrumb\":{\"@id\":\"https:\/\/www.afrikaldia.com\/fr\/2023\/09\/04\/paloma-etienne\/#breadcrumb\"},\"inLanguage\":\"fr-FR\",\"potentialAction\":[{\"@type\":\"ReadAction\",\"target\":[\"https:\/\/www.afrikaldia.com\/fr\/2023\/09\/04\/paloma-etienne\/\"]}]},{\"@type\":\"ImageObject\",\"inLanguage\":\"fr-FR\",\"@id\":\"https:\/\/www.afrikaldia.com\/fr\/2023\/09\/04\/paloma-etienne\/#primaryimage\",\"url\":\"https:\/\/www.afrikaldia.com\/wp-content\/uploads\/2023\/09\/Paloma-Etienne.jpg\",\"contentUrl\":\"https:\/\/www.afrikaldia.com\/wp-content\/uploads\/2023\/09\/Paloma-Etienne.jpg\",\"width\":1000,\"height\":1000},{\"@type\":\"BreadcrumbList\",\"@id\":\"https:\/\/www.afrikaldia.com\/fr\/2023\/09\/04\/paloma-etienne\/#breadcrumb\",\"itemListElement\":[{\"@type\":\"ListItem\",\"position\":1,\"name\":\"Portada\",\"item\":\"https:\/\/www.afrikaldia.com\/fr\/\"},{\"@type\":\"ListItem\",\"position\":2,\"name\":\"Paloma Etienne\"}]},{\"@type\":\"WebSite\",\"@id\":\"https:\/\/www.afrikaldia.com\/#website\",\"url\":\"https:\/\/www.afrikaldia.com\/\",\"name\":\"Afrikaldia \u2013 Festival Vasco de Cines Africanos\",\"description\":\"AFRIKALDIA es un festival internacional de cine de car\u00e1cter competitivo, dirigido a todos los p\u00fablicos.\",\"potentialAction\":[{\"@type\":\"SearchAction\",\"target\":{\"@type\":\"EntryPoint\",\"urlTemplate\":\"https:\/\/www.afrikaldia.com\/?s={search_term_string}\"},\"query-input\":{\"@type\":\"PropertyValueSpecification\",\"valueRequired\":true,\"valueName\":\"search_term_string\"}}],\"inLanguage\":\"fr-FR\"},{\"@type\":\"Person\",\"@id\":\"https:\/\/www.afrikaldia.com\/#\/schema\/person\/638990ad462c5867697fb0382c10f28e\",\"name\":\"AdminAfrika\",\"image\":{\"@type\":\"ImageObject\",\"inLanguage\":\"fr-FR\",\"@id\":\"https:\/\/www.afrikaldia.com\/#\/schema\/person\/image\/\",\"url\":\"https:\/\/www.afrikaldia.com\/wp-content\/litespeed\/avatar\/f9f62e4a8710aed3b945aca4f2756f19.jpg?ver=1777444892\",\"contentUrl\":\"https:\/\/www.afrikaldia.com\/wp-content\/litespeed\/avatar\/f9f62e4a8710aed3b945aca4f2756f19.jpg?ver=1777444892\",\"caption\":\"AdminAfrika\"},\"sameAs\":[\"https:\/\/www.afrikaldia.com\"],\"url\":\"https:\/\/www.afrikaldia.com\/fr\/author\/AdminAfrika\/\"}]}<\/script>\n<!-- \/ Yoast SEO plugin. -->","yoast_head_json":{"title":"Paloma Etienne - Afrikaldia \u2013 Festival Vasco de Cines Africanos","robots":{"index":"index","follow":"follow","max-snippet":"max-snippet:-1","max-image-preview":"max-image-preview:large","max-video-preview":"max-video-preview:-1"},"canonical":"https:\/\/www.afrikaldia.com\/fr\/2023\/09\/04\/paloma-etienne\/","og_locale":"fr_FR","og_type":"article","og_title":"Paloma Etienne - Afrikaldia \u2013 Festival Vasco de Cines Africanos","og_description":"Lorem ipsum dolor sit amet, consectetur adipiscing elit.","og_url":"https:\/\/www.afrikaldia.com\/fr\/2023\/09\/04\/paloma-etienne\/","og_site_name":"Afrikaldia \u2013 Festival Vasco de Cines Africanos","article_published_time":"2023-09-04T14:49:13+00:00","article_modified_time":"2023-09-04T14:56:39+00:00","og_image":[{"width":1000,"height":1000,"url":"https:\/\/www.afrikaldia.com\/wp-content\/uploads\/2023\/09\/Paloma-Etienne.jpg","type":"image\/jpeg"}],"author":"AdminAfrika","twitter_card":"summary_large_image","twitter_misc":{"\u00c9crit par":"AdminAfrika","Dur\u00e9e de lecture estim\u00e9e":"2 minutes"},"schema":{"@context":"https:\/\/schema.org","@graph":[{"@type":"WebPage","@id":"https:\/\/www.afrikaldia.com\/fr\/2023\/09\/04\/paloma-etienne\/","url":"https:\/\/www.afrikaldia.com\/fr\/2023\/09\/04\/paloma-etienne\/","name":"Paloma Etienne - Afrikaldia \u2013 Festival Vasco de Cines Africanos","isPartOf":{"@id":"https:\/\/www.afrikaldia.com\/#website"},"primaryImageOfPage":{"@id":"https:\/\/www.afrikaldia.com\/fr\/2023\/09\/04\/paloma-etienne\/#primaryimage"},"image":{"@id":"https:\/\/www.afrikaldia.com\/fr\/2023\/09\/04\/paloma-etienne\/#primaryimage"},"thumbnailUrl":"https:\/\/www.afrikaldia.com\/wp-content\/uploads\/2023\/09\/Paloma-Etienne.jpg","datePublished":"2023-09-04T14:49:13+00:00","dateModified":"2023-09-04T14:56:39+00:00","author":{"@id":"https:\/\/www.afrikaldia.com\/#\/schema\/person\/638990ad462c5867697fb0382c10f28e"},"breadcrumb":{"@id":"https:\/\/www.afrikaldia.com\/fr\/2023\/09\/04\/paloma-etienne\/#breadcrumb"},"inLanguage":"fr-FR","potentialAction":[{"@type":"ReadAction","target":["https:\/\/www.afrikaldia.com\/fr\/2023\/09\/04\/paloma-etienne\/"]}]},{"@type":"ImageObject","inLanguage":"fr-FR","@id":"https:\/\/www.afrikaldia.com\/fr\/2023\/09\/04\/paloma-etienne\/#primaryimage","url":"https:\/\/www.afrikaldia.com\/wp-content\/uploads\/2023\/09\/Paloma-Etienne.jpg","contentUrl":"https:\/\/www.afrikaldia.com\/wp-content\/uploads\/2023\/09\/Paloma-Etienne.jpg","width":1000,"height":1000},{"@type":"BreadcrumbList","@id":"https:\/\/www.afrikaldia.com\/fr\/2023\/09\/04\/paloma-etienne\/#breadcrumb","itemListElement":[{"@type":"ListItem","position":1,"name":"Portada","item":"https:\/\/www.afrikaldia.com\/fr\/"},{"@type":"ListItem","position":2,"name":"Paloma Etienne"}]},{"@type":"WebSite","@id":"https:\/\/www.afrikaldia.com\/#website","url":"https:\/\/www.afrikaldia.com\/","name":"Afrikaldia \u2013 Festival Vasco de Cines Africanos","description":"AFRIKALDIA es un festival internacional de cine de car\u00e1cter competitivo, dirigido a todos los p\u00fablicos.","potentialAction":[{"@type":"SearchAction","target":{"@type":"EntryPoint","urlTemplate":"https:\/\/www.afrikaldia.com\/?s={search_term_string}"},"query-input":{"@type":"PropertyValueSpecification","valueRequired":true,"valueName":"search_term_string"}}],"inLanguage":"fr-FR"},{"@type":"Person","@id":"https:\/\/www.afrikaldia.com\/#\/schema\/person\/638990ad462c5867697fb0382c10f28e","name":"AdminAfrika","image":{"@type":"ImageObject","inLanguage":"fr-FR","@id":"https:\/\/www.afrikaldia.com\/#\/schema\/person\/image\/","url":"https:\/\/www.afrikaldia.com\/wp-content\/litespeed\/avatar\/f9f62e4a8710aed3b945aca4f2756f19.jpg?ver=1777444892","contentUrl":"https:\/\/www.afrikaldia.com\/wp-content\/litespeed\/avatar\/f9f62e4a8710aed3b945aca4f2756f19.jpg?ver=1777444892","caption":"AdminAfrika"},"sameAs":["https:\/\/www.afrikaldia.com"],"url":"https:\/\/www.afrikaldia.com\/fr\/author\/AdminAfrika\/"}]}},"_links":{"self":[{"href":"https:\/\/www.afrikaldia.com\/fr\/wp-json\/wp\/v2\/posts\/15694","targetHints":{"allow":["GET"]}}],"collection":[{"href":"https:\/\/www.afrikaldia.com\/fr\/wp-json\/wp\/v2\/posts"}],"about":[{"href":"https:\/\/www.afrikaldia.com\/fr\/wp-json\/wp\/v2\/types\/post"}],"author":[{"embeddable":true,"href":"https:\/\/www.afrikaldia.com\/fr\/wp-json\/wp\/v2\/users\/1"}],"replies":[{"embeddable":true,"href":"https:\/\/www.afrikaldia.com\/fr\/wp-json\/wp\/v2\/comments?post=15694"}],"version-history":[{"count":6,"href":"https:\/\/www.afrikaldia.com\/fr\/wp-json\/wp\/v2\/posts\/15694\/revisions"}],"predecessor-version":[{"id":15709,"href":"https:\/\/www.afrikaldia.com\/fr\/wp-json\/wp\/v2\/posts\/15694\/revisions\/15709"}],"wp:featuredmedia":[{"embeddable":true,"href":"https:\/\/www.afrikaldia.com\/fr\/wp-json\/wp\/v2\/media\/15640"}],"wp:attachment":[{"href":"https:\/\/www.afrikaldia.com\/fr\/wp-json\/wp\/v2\/media?parent=15694"}],"wp:term":[{"taxonomy":"category","embeddable":true,"href":"https:\/\/www.afrikaldia.com\/fr\/wp-json\/wp\/v2\/categories?post=15694"},{"taxonomy":"post_tag","embeddable":true,"href":"https:\/\/www.afrikaldia.com\/fr\/wp-json\/wp\/v2\/tags?post=15694"}],"curies":[{"name":"wp","href":"https:\/\/api.w.org\/{rel}","templated":true}]}}