{"id":15291,"date":"2023-08-13T16:50:55","date_gmt":"2023-08-13T16:50:55","guid":{"rendered":"https:\/\/www.afrikaldia.com\/?p=15291"},"modified":"2023-09-21T09:50:55","modified_gmt":"2023-09-21T09:50:55","slug":"thierno-souleymane-diallo","status":"publish","type":"post","link":"https:\/\/www.afrikaldia.com\/fr\/2023\/08\/13\/thierno-souleymane-diallo\/","title":{"rendered":"THIERNO SOULEYMANE DIALLO"},"content":{"rendered":"\t\t<div data-elementor-type=\"wp-post\" data-elementor-id=\"15291\" class=\"elementor elementor-15291 elementor-15256\">\n\t\t\t\t\t\t<section class=\"elementor-section elementor-top-section elementor-element elementor-element-ec9864a elementor-section-boxed elementor-section-height-default elementor-section-height-default qodef-elementor-content-no\" data-id=\"ec9864a\" data-element_type=\"section\">\n\t\t\t\t\t\t<div class=\"elementor-container elementor-column-gap-default\">\n\t\t\t\t\t<div class=\"elementor-column elementor-col-100 elementor-top-column elementor-element elementor-element-e8bf106\" data-id=\"e8bf106\" data-element_type=\"column\">\n\t\t\t<div class=\"elementor-widget-wrap elementor-element-populated\">\n\t\t\t\t\t\t<section class=\"elementor-section elementor-inner-section elementor-element elementor-element-f223020 elementor-section-boxed elementor-section-height-default elementor-section-height-default qodef-elementor-content-no\" data-id=\"f223020\" data-element_type=\"section\">\n\t\t\t\t\t\t<div class=\"elementor-container elementor-column-gap-default\">\n\t\t\t\t\t<div class=\"elementor-column elementor-col-100 elementor-inner-column elementor-element elementor-element-f74ee49\" data-id=\"f74ee49\" data-element_type=\"column\">\n\t\t\t<div class=\"elementor-widget-wrap elementor-element-populated\">\n\t\t\t\t\t\t<div class=\"elementor-element elementor-element-8f0039a elementor-widget elementor-widget-coppola_core_section_title\" data-id=\"8f0039a\" data-element_type=\"widget\" data-widget_type=\"coppola_core_section_title.default\">\n\t\t\t\t<div class=\"elementor-widget-container\">\n\t\t\t\t\t<div class=\"qodef-shortcode qodef-m  qodef-section-title qodef-alignment--left \">\n\t\t\t<h2 class=\"qodef-m-title\" >\n\t\t\t\t\tTHIERNO SOULEYMANE DIALLO\t\t\t<\/h2>\n\t\t<\/div>\n\t\t\t\t<\/div>\n\t\t\t\t<\/div>\n\t\t\t\t\t<\/div>\n\t\t<\/div>\n\t\t\t\t\t<\/div>\n\t\t<\/section>\n\t\t\t\t<section class=\"elementor-section elementor-inner-section elementor-element elementor-element-f45164e elementor-section-boxed elementor-section-height-default elementor-section-height-default qodef-elementor-content-no\" data-id=\"f45164e\" data-element_type=\"section\">\n\t\t\t\t\t\t<div class=\"elementor-container elementor-column-gap-default\">\n\t\t\t\t\t<div class=\"elementor-column elementor-col-50 elementor-inner-column elementor-element elementor-element-0994d97\" data-id=\"0994d97\" data-element_type=\"column\">\n\t\t\t<div class=\"elementor-widget-wrap elementor-element-populated\">\n\t\t\t\t\t\t<div class=\"elementor-element elementor-element-24cb30f e-transform elementor-widget elementor-widget-image\" data-id=\"24cb30f\" data-element_type=\"widget\" data-settings=\"{&quot;_transform_scale_effect&quot;:{&quot;unit&quot;:&quot;px&quot;,&quot;size&quot;:&quot;&quot;,&quot;sizes&quot;:[]},&quot;_transform_scale_effect_tablet&quot;:{&quot;unit&quot;:&quot;px&quot;,&quot;size&quot;:&quot;&quot;,&quot;sizes&quot;:[]},&quot;_transform_scale_effect_mobile&quot;:{&quot;unit&quot;:&quot;px&quot;,&quot;size&quot;:&quot;&quot;,&quot;sizes&quot;:[]}}\" data-widget_type=\"image.default\">\n\t\t\t\t<div class=\"elementor-widget-container\">\n\t\t\t\t\t\t\t\t\t\t\t\t\t\t\t<img fetchpriority=\"high\" decoding=\"async\" width=\"1620\" height=\"1080\" src=\"https:\/\/www.afrikaldia.com\/wp-content\/uploads\/2023\/08\/Foto-dire.jpg\" class=\"attachment-full size-full wp-image-15255\" alt=\"\" srcset=\"https:\/\/www.afrikaldia.com\/wp-content\/uploads\/2023\/08\/Foto-dire.jpg.webp 1620w, https:\/\/www.afrikaldia.com\/wp-content\/uploads\/2023\/08\/Foto-dire-300x200.jpg.webp 300w, https:\/\/www.afrikaldia.com\/wp-content\/uploads\/2023\/08\/Foto-dire-1024x683.jpg.webp 1024w, https:\/\/www.afrikaldia.com\/wp-content\/uploads\/2023\/08\/Foto-dire-768x512.jpg.webp 768w, https:\/\/www.afrikaldia.com\/wp-content\/uploads\/2023\/08\/Foto-dire-1536x1024.jpg.webp 1536w\" sizes=\"(max-width: 1620px) 100vw, 1620px\" \/>\t\t\t\t\t\t\t\t\t\t\t\t\t\t\t<\/div>\n\t\t\t\t<\/div>\n\t\t\t\t\t<\/div>\n\t\t<\/div>\n\t\t\t\t<div class=\"elementor-column elementor-col-50 elementor-inner-column elementor-element elementor-element-1645de3\" data-id=\"1645de3\" data-element_type=\"column\">\n\t\t\t<div class=\"elementor-widget-wrap elementor-element-populated\">\n\t\t\t\t\t\t<div class=\"elementor-element elementor-element-d95682b elementor-widget__width-initial elementor-widget elementor-widget-text-editor\" data-id=\"d95682b\" data-element_type=\"widget\" data-widget_type=\"text-editor.default\">\n\t\t\t\t<div class=\"elementor-widget-container\">\n\t\t\t\t\t\t\t\t\t<p><strong>BIO<\/strong><b><\/b><\/p><p><span data-contrast=\"none\">Le cin\u00e9aste est n\u00e9 en Guin\u00e9e et a \u00e9tudi\u00e9 \u00e0 l&rsquo;Institut Sup\u00e9rieur des Arts de Guin\u00e9e (ISAG) \u00e0 Dubr\u00e9ka. En 2012, il s&rsquo;installe au Niger pour \u00e9tudier la r\u00e9alisation de films documentaires, avant d&rsquo;obtenir un dipl\u00f4me en r\u00e9alisation de films documentaires au S\u00e9n\u00e9gal. Apr\u00e8s avoir r\u00e9alis\u00e9 plusieurs courts-m\u00e9trages pendant ses \u00e9tudes, il r\u00e9alise <\/span><i><span data-contrast=\"none\">Un homme pour ma famille<\/span><\/i><span data-contrast=\"none\"> et <\/span><i><span data-contrast=\"none\">N\u00f4 M\u00ebt\u00ee S\u00eef\u00e2dhe<\/span><\/i><span data-contrast=\"none\">, deux moyens-m\u00e9trages documentaires. <\/span><i><span data-contrast=\"none\">Au cimeti\u00e8re de la pellicule<\/span><\/i><span data-contrast=\"none\"> est son premier long-m\u00e9trage documentaire.<\/span><span data-ccp-props=\"{&quot;134233118&quot;:true,&quot;335551550&quot;:6,&quot;335551620&quot;:6}\"> <br \/><\/span><\/p>\t\t\t\t\t\t\t\t<\/div>\n\t\t\t\t<\/div>\n\t\t\t\t\t<\/div>\n\t\t<\/div>\n\t\t\t\t\t<\/div>\n\t\t<\/section>\n\t\t\t\t<section class=\"elementor-section elementor-inner-section elementor-element elementor-element-665c6ea elementor-section-boxed elementor-section-height-default elementor-section-height-default qodef-elementor-content-no\" data-id=\"665c6ea\" data-element_type=\"section\">\n\t\t\t\t\t\t<div class=\"elementor-container elementor-column-gap-default\">\n\t\t\t\t\t<div class=\"elementor-column elementor-col-100 elementor-inner-column elementor-element elementor-element-0fc6daa\" data-id=\"0fc6daa\" data-element_type=\"column\">\n\t\t\t<div class=\"elementor-widget-wrap elementor-element-populated\">\n\t\t\t\t\t\t<div class=\"elementor-element elementor-element-39205d5 elementor-widget__width-initial elementor-widget elementor-widget-text-editor\" data-id=\"39205d5\" data-element_type=\"widget\" data-widget_type=\"text-editor.default\">\n\t\t\t\t<div class=\"elementor-widget-container\">\n\t\t\t\t\t\t\t\t\t<p><strong>FILMOGRAPHIE<\/strong><\/p><p><b><span data-contrast=\"none\">2015<\/span><\/b><span data-contrast=\"none\">\u202f<\/span><em>Un homme pour ma famille<\/em> <span data-contrast=\"none\">moyen-m\u00e9trage documentaire<\/span><b> <\/b><\/p><p><b><span data-contrast=\"none\">2018<\/span><\/b><span data-contrast=\"none\">\u202f<\/span><em>N\u00f4 M\u00ebt\u00ee S\u00eef\u00e2dhe<\/em> <span data-contrast=\"none\">moyen-m\u00e9trage documentaire<\/span><b> <\/b><\/p><p><b><span data-contrast=\"none\">2023<\/span><\/b><span data-contrast=\"none\">\u202f<\/span><em>Au cimeti\u00e8re de la pellicule<\/em><span data-contrast=\"none\"> long-m\u00e9trage <\/span><span data-contrast=\"none\">documentaire<\/span><span data-ccp-props=\"{&quot;134233118&quot;:true,&quot;335551550&quot;:6,&quot;335551620&quot;:6}\">\u00a0<\/span><\/p><p>\u00a0<\/p>\t\t\t\t\t\t\t\t<\/div>\n\t\t\t\t<\/div>\n\t\t\t\t\t<\/div>\n\t\t<\/div>\n\t\t\t\t\t<\/div>\n\t\t<\/section>\n\t\t\t\t\t<\/div>\n\t\t<\/div>\n\t\t\t\t\t<\/div>\n\t\t<\/section>\n\t\t\t\t<section class=\"elementor-section elementor-top-section elementor-element elementor-element-4983d86 elementor-section-boxed elementor-section-height-default elementor-section-height-default qodef-elementor-content-no\" data-id=\"4983d86\" data-element_type=\"section\">\n\t\t\t\t\t\t<div class=\"elementor-container elementor-column-gap-default\">\n\t\t\t\t\t<div class=\"elementor-column elementor-col-100 elementor-top-column elementor-element elementor-element-bdcb87c\" data-id=\"bdcb87c\" data-element_type=\"column\">\n\t\t\t<div class=\"elementor-widget-wrap elementor-element-populated\">\n\t\t\t\t\t\t<div class=\"elementor-element elementor-element-23077d5 elementor-widget elementor-widget-text-editor\" data-id=\"23077d5\" data-element_type=\"widget\" data-widget_type=\"text-editor.default\">\n\t\t\t\t<div class=\"elementor-widget-container\">\n\t\t\t\t\t\t\t\t\t<p><b><span data-contrast=\"auto\">D\u00c9CLARATION DU R\u00c9ALISATEUR<\/span><\/b><\/p><p><span data-contrast=\"auto\">Le film pose beaucoup de questions. Il s&rsquo;interroge sur ce qu&rsquo;est un film, mais aussi sur les \u00e9l\u00e9ments de l&rsquo;histoire qui m\u00e9ritent d&rsquo;\u00eatre soigneusement pr\u00e9serv\u00e9s et ceux qui ne le m\u00e9ritent pas. Quel sera l&rsquo;avenir de nos pays si toutes nos archives disparaissent un jour ? Comme on dit, \u00ab\u00a0un arbre sans racines ne peut pas grandir\u00a0\u00bb. Les films font \u00e9galement partie de ces racines. Il n&rsquo;y a pas de jugement dans <\/span><i><span data-contrast=\"auto\">Le Cimeti\u00e8re du cin\u00e9ma<\/span><\/i><span data-contrast=\"auto\"> ; personne n&rsquo;est accus\u00e9 personnellement. Ce qui est important, c&rsquo;est cette prise de conscience collective de l&rsquo;importance de produire nos propres images et de les pr\u00e9server.<\/span><span data-ccp-props=\"{&quot;335551550&quot;:6,&quot;335551620&quot;:6}\">\u00a0<\/span><\/p><p><span data-contrast=\"auto\">La premi\u00e8re fois que j&rsquo;ai entendu parler de <\/span><i><span data-contrast=\"auto\">Mouramani<\/span><\/i><span data-contrast=\"auto\">, c&rsquo;\u00e9tait \u00e0 Niamey, au Niger. Notre professeur d&rsquo;histoire du cin\u00e9ma nous a dit que le premier film d&rsquo;Afrique noire francophone \u00e9tait <\/span><i><span data-contrast=\"auto\">Mouramani <\/span><\/i><span data-contrast=\"auto\">et non <\/span><i><span data-contrast=\"auto\">Afrique-sur-Seine<\/span><\/i><span data-contrast=\"auto\">. D\u00e8s lors, j&rsquo;ai commenc\u00e9 \u00e0 le chercher. Tout le monde en avait entendu parler, mais personne ne l&rsquo;avait vu.\u00a0<\/span><span data-ccp-props=\"{&quot;335551550&quot;:6,&quot;335551620&quot;:6}\">\u00a0<\/span><\/p><p><span data-ccp-props=\"{&quot;335551550&quot;:6,&quot;335551620&quot;:6}\">\u00a0<\/span><\/p><p><span data-contrast=\"auto\">\u00ab\u00a0Jouer un personnage dans ce film, c&rsquo;\u00e9tait d&rsquo;abord rendre hommage au r\u00e9alisateur de <\/span><i><span data-contrast=\"auto\">Mouramani<\/span><\/i><span data-contrast=\"auto\">. Je porte ce film, c&rsquo;est un fil de l&rsquo;histoire, je le porte \u00e0 travers mon envie de faire du cin\u00e9ma, \u00e0 travers ma peur de r\u00e9ussir ou non dans ce m\u00e9tier. Mon personnage est le symbole de tous ces cin\u00e9astes qui continuent \u00e0 essayer de faire des films du mieux qu&rsquo;ils peuvent. On dit : \u00ab\u00a0Arr\u00eate ton cin\u00e9ma\u00a0\u00bb quand quelqu&rsquo;un fait des histoires. Je voulais que ce personnage soit un exemple de quelqu&rsquo;un qui, dans les faits, n&rsquo;arr\u00eate pas de faire son cin\u00e9ma.<\/span><span data-ccp-props=\"{&quot;335551550&quot;:6,&quot;335551620&quot;:6}\">\u00a0<\/span><\/p><p><span data-ccp-props=\"{&quot;335551550&quot;:6,&quot;335551620&quot;:6}\">\u00a0<\/span><\/p><p><span data-contrast=\"auto\">Comme beaucoup de gens, j&rsquo;ai d\u00e9couvert les salles de cin\u00e9ma tr\u00e8s t\u00f4t et, depuis, il y a ce lien magique entre nous. Voir ces bobines poussi\u00e9reuses et ces salles vides, c&rsquo;est comme si mes souvenirs d&rsquo;enfance disparaissaient avec elles. Pour moi, le cin\u00e9ma est, et a toujours \u00e9t\u00e9, un lieu magique, o\u00f9 l&rsquo;on peut partager tous ces moments intenses et exceptionnels. Mon pass\u00e9, mais aussi mon avenir, y sont li\u00e9s.<\/span><span data-ccp-props=\"{&quot;335551550&quot;:6,&quot;335551620&quot;:6}\">\u00a0<\/span><\/p>\t\t\t\t\t\t\t\t<\/div>\n\t\t\t\t<\/div>\n\t\t\t\t\t<\/div>\n\t\t<\/div>\n\t\t\t\t\t<\/div>\n\t\t<\/section>\n\t\t\t\t<section class=\"elementor-section elementor-top-section elementor-element elementor-element-772c6fb elementor-section-boxed elementor-section-height-default elementor-section-height-default qodef-elementor-content-no\" data-id=\"772c6fb\" data-element_type=\"section\">\n\t\t\t\t\t\t<div class=\"elementor-container elementor-column-gap-default\">\n\t\t\t\t\t<div class=\"elementor-column elementor-col-100 elementor-top-column elementor-element elementor-element-8aaf8af\" data-id=\"8aaf8af\" data-element_type=\"column\">\n\t\t\t<div class=\"elementor-widget-wrap elementor-element-populated\">\n\t\t\t\t\t\t<div class=\"elementor-element elementor-element-fb1bf34 elementor-widget elementor-widget-coppola_core_button\" data-id=\"fb1bf34\" data-element_type=\"widget\" data-widget_type=\"coppola_core_button.default\">\n\t\t\t\t<div class=\"elementor-widget-container\">\n\t\t\t\t\t<a class=\"qodef-shortcode qodef-m  qodef-button qodef-layout--textual  qodef-skin--default qodef-html--link\" href=\"https:\/\/www.afrikaldia.com\/fr\/portfolio-item\/au-cimetiere-de-la-pellicule\/\" target=\"_self\"  >\n\t<span class=\"qodef-m-text\">VOIR FILM &quot;Au cimeti\u00e8re de la pellicule&quot;<svg class=\"qodef-svg--button-arrow\" xmlns=\"http:\/\/www.w3.org\/2000\/svg\" width=\"12.0148\" height=\"12.0143\"\n     viewBox=\"0 0 12.0148 12.0143\"><g><line x1=\"0.7071\" y1=\"11.3071\" x2=\"10.6066\" y2=\"1.4077\"\/><polyline points=\"1.015 1 11.015 1 11.015 11\"\/><\/g><g><line x1=\"0.7071\" y1=\"11.3071\" x2=\"10.6066\" y2=\"1.4077\"\/><polyline points=\"1.015 1 11.015 1 11.015 11\"\/><\/g><\/svg><\/span>\n<\/a>\n\t\t\t\t<\/div>\n\t\t\t\t<\/div>\n\t\t\t\t\t<\/div>\n\t\t<\/div>\n\t\t\t\t\t<\/div>\n\t\t<\/section>\n\t\t\t\t<\/div>\n\t\t","protected":false},"excerpt":{"rendered":"<p>THIERNO SOULEYMANE DIALLO BIO Le cin\u00e9aste est n\u00e9 en Guin\u00e9e et a \u00e9tudi\u00e9 \u00e0 l&rsquo;Institut Sup\u00e9rieur des Arts de Guin\u00e9e (ISAG) \u00e0 Dubr\u00e9ka. En 2012, il s&rsquo;installe au Niger pour \u00e9tudier la r\u00e9alisation de films documentaires, avant d&rsquo;obtenir un dipl\u00f4me en r\u00e9alisation de films documentaires au S\u00e9n\u00e9gal. Apr\u00e8s avoir r\u00e9alis\u00e9 plusieurs courts-m\u00e9trages pendant ses \u00e9tudes, [&hellip;]<\/p>\n","protected":false},"author":1,"featured_media":15255,"comment_status":"closed","ping_status":"closed","sticky":false,"template":"elementor_header_footer","format":"standard","meta":{"_monsterinsights_skip_tracking":false,"_monsterinsights_sitenote_active":false,"_monsterinsights_sitenote_note":"","_monsterinsights_sitenote_category":0,"footnotes":""},"categories":[129],"tags":[],"class_list":["post-15291","post","type-post","status-publish","format-standard","has-post-thumbnail","hentry","category-director-fr"],"yoast_head":"<!-- This site is optimized with the Yoast SEO plugin v26.2 - https:\/\/yoast.com\/wordpress\/plugins\/seo\/ -->\n<title>THIERNO SOULEYMANE DIALLO - Afrikaldia \u2013 Festival Vasco de Cines Africanos<\/title>\n<meta name=\"robots\" content=\"index, follow, max-snippet:-1, max-image-preview:large, max-video-preview:-1\" \/>\n<link rel=\"canonical\" href=\"https:\/\/www.afrikaldia.com\/fr\/2023\/08\/13\/thierno-souleymane-diallo\/\" \/>\n<meta property=\"og:locale\" content=\"fr_FR\" \/>\n<meta property=\"og:type\" content=\"article\" \/>\n<meta property=\"og:title\" content=\"THIERNO SOULEYMANE DIALLO - Afrikaldia \u2013 Festival Vasco de Cines Africanos\" \/>\n<meta property=\"og:description\" content=\"THIERNO SOULEYMANE DIALLO BIO Le cin\u00e9aste est n\u00e9 en Guin\u00e9e et a \u00e9tudi\u00e9 \u00e0 l&rsquo;Institut Sup\u00e9rieur des Arts de Guin\u00e9e (ISAG) \u00e0 Dubr\u00e9ka. En 2012, il s&rsquo;installe au Niger pour \u00e9tudier la r\u00e9alisation de films documentaires, avant d&rsquo;obtenir un dipl\u00f4me en r\u00e9alisation de films documentaires au S\u00e9n\u00e9gal. Apr\u00e8s avoir r\u00e9alis\u00e9 plusieurs courts-m\u00e9trages pendant ses \u00e9tudes, [&hellip;]\" \/>\n<meta property=\"og:url\" content=\"https:\/\/www.afrikaldia.com\/fr\/2023\/08\/13\/thierno-souleymane-diallo\/\" \/>\n<meta property=\"og:site_name\" content=\"Afrikaldia \u2013 Festival Vasco de Cines Africanos\" \/>\n<meta property=\"article:published_time\" content=\"2023-08-13T16:50:55+00:00\" \/>\n<meta property=\"article:modified_time\" content=\"2023-09-21T09:50:55+00:00\" \/>\n<meta property=\"og:image\" content=\"https:\/\/www.afrikaldia.com\/wp-content\/uploads\/2023\/08\/Foto-dire.jpg\" \/>\n\t<meta property=\"og:image:width\" content=\"1620\" \/>\n\t<meta property=\"og:image:height\" content=\"1080\" \/>\n\t<meta property=\"og:image:type\" content=\"image\/jpeg\" \/>\n<meta name=\"author\" content=\"AdminAfrika\" \/>\n<meta name=\"twitter:card\" content=\"summary_large_image\" \/>\n<meta name=\"twitter:label1\" content=\"\u00c9crit par\" \/>\n\t<meta name=\"twitter:data1\" content=\"AdminAfrika\" \/>\n\t<meta name=\"twitter:label2\" content=\"Dur\u00e9e de lecture estim\u00e9e\" \/>\n\t<meta name=\"twitter:data2\" content=\"3 minutes\" \/>\n<script type=\"application\/ld+json\" class=\"yoast-schema-graph\">{\"@context\":\"https:\/\/schema.org\",\"@graph\":[{\"@type\":\"WebPage\",\"@id\":\"https:\/\/www.afrikaldia.com\/fr\/2023\/08\/13\/thierno-souleymane-diallo\/\",\"url\":\"https:\/\/www.afrikaldia.com\/fr\/2023\/08\/13\/thierno-souleymane-diallo\/\",\"name\":\"THIERNO SOULEYMANE DIALLO - Afrikaldia \u2013 Festival Vasco de Cines Africanos\",\"isPartOf\":{\"@id\":\"https:\/\/www.afrikaldia.com\/#website\"},\"primaryImageOfPage\":{\"@id\":\"https:\/\/www.afrikaldia.com\/fr\/2023\/08\/13\/thierno-souleymane-diallo\/#primaryimage\"},\"image\":{\"@id\":\"https:\/\/www.afrikaldia.com\/fr\/2023\/08\/13\/thierno-souleymane-diallo\/#primaryimage\"},\"thumbnailUrl\":\"https:\/\/www.afrikaldia.com\/wp-content\/uploads\/2023\/08\/Foto-dire.jpg\",\"datePublished\":\"2023-08-13T16:50:55+00:00\",\"dateModified\":\"2023-09-21T09:50:55+00:00\",\"author\":{\"@id\":\"https:\/\/www.afrikaldia.com\/#\/schema\/person\/638990ad462c5867697fb0382c10f28e\"},\"breadcrumb\":{\"@id\":\"https:\/\/www.afrikaldia.com\/fr\/2023\/08\/13\/thierno-souleymane-diallo\/#breadcrumb\"},\"inLanguage\":\"fr-FR\",\"potentialAction\":[{\"@type\":\"ReadAction\",\"target\":[\"https:\/\/www.afrikaldia.com\/fr\/2023\/08\/13\/thierno-souleymane-diallo\/\"]}]},{\"@type\":\"ImageObject\",\"inLanguage\":\"fr-FR\",\"@id\":\"https:\/\/www.afrikaldia.com\/fr\/2023\/08\/13\/thierno-souleymane-diallo\/#primaryimage\",\"url\":\"https:\/\/www.afrikaldia.com\/wp-content\/uploads\/2023\/08\/Foto-dire.jpg\",\"contentUrl\":\"https:\/\/www.afrikaldia.com\/wp-content\/uploads\/2023\/08\/Foto-dire.jpg\",\"width\":1620,\"height\":1080},{\"@type\":\"BreadcrumbList\",\"@id\":\"https:\/\/www.afrikaldia.com\/fr\/2023\/08\/13\/thierno-souleymane-diallo\/#breadcrumb\",\"itemListElement\":[{\"@type\":\"ListItem\",\"position\":1,\"name\":\"Portada\",\"item\":\"https:\/\/www.afrikaldia.com\/fr\/\"},{\"@type\":\"ListItem\",\"position\":2,\"name\":\"THIERNO SOULEYMANE DIALLO\"}]},{\"@type\":\"WebSite\",\"@id\":\"https:\/\/www.afrikaldia.com\/#website\",\"url\":\"https:\/\/www.afrikaldia.com\/\",\"name\":\"Afrikaldia \u2013 Festival Vasco de Cines Africanos\",\"description\":\"AFRIKALDIA es un festival internacional de cine de car\u00e1cter competitivo, dirigido a todos los p\u00fablicos.\",\"potentialAction\":[{\"@type\":\"SearchAction\",\"target\":{\"@type\":\"EntryPoint\",\"urlTemplate\":\"https:\/\/www.afrikaldia.com\/?s={search_term_string}\"},\"query-input\":{\"@type\":\"PropertyValueSpecification\",\"valueRequired\":true,\"valueName\":\"search_term_string\"}}],\"inLanguage\":\"fr-FR\"},{\"@type\":\"Person\",\"@id\":\"https:\/\/www.afrikaldia.com\/#\/schema\/person\/638990ad462c5867697fb0382c10f28e\",\"name\":\"AdminAfrika\",\"image\":{\"@type\":\"ImageObject\",\"inLanguage\":\"fr-FR\",\"@id\":\"https:\/\/www.afrikaldia.com\/#\/schema\/person\/image\/\",\"url\":\"https:\/\/www.afrikaldia.com\/wp-content\/litespeed\/avatar\/f9f62e4a8710aed3b945aca4f2756f19.jpg?ver=1777444892\",\"contentUrl\":\"https:\/\/www.afrikaldia.com\/wp-content\/litespeed\/avatar\/f9f62e4a8710aed3b945aca4f2756f19.jpg?ver=1777444892\",\"caption\":\"AdminAfrika\"},\"sameAs\":[\"https:\/\/www.afrikaldia.com\"],\"url\":\"https:\/\/www.afrikaldia.com\/fr\/author\/AdminAfrika\/\"}]}<\/script>\n<!-- \/ Yoast SEO plugin. -->","yoast_head_json":{"title":"THIERNO SOULEYMANE DIALLO - Afrikaldia \u2013 Festival Vasco de Cines Africanos","robots":{"index":"index","follow":"follow","max-snippet":"max-snippet:-1","max-image-preview":"max-image-preview:large","max-video-preview":"max-video-preview:-1"},"canonical":"https:\/\/www.afrikaldia.com\/fr\/2023\/08\/13\/thierno-souleymane-diallo\/","og_locale":"fr_FR","og_type":"article","og_title":"THIERNO SOULEYMANE DIALLO - Afrikaldia \u2013 Festival Vasco de Cines Africanos","og_description":"THIERNO SOULEYMANE DIALLO BIO Le cin\u00e9aste est n\u00e9 en Guin\u00e9e et a \u00e9tudi\u00e9 \u00e0 l&rsquo;Institut Sup\u00e9rieur des Arts de Guin\u00e9e (ISAG) \u00e0 Dubr\u00e9ka. En 2012, il s&rsquo;installe au Niger pour \u00e9tudier la r\u00e9alisation de films documentaires, avant d&rsquo;obtenir un dipl\u00f4me en r\u00e9alisation de films documentaires au S\u00e9n\u00e9gal. Apr\u00e8s avoir r\u00e9alis\u00e9 plusieurs courts-m\u00e9trages pendant ses \u00e9tudes, [&hellip;]","og_url":"https:\/\/www.afrikaldia.com\/fr\/2023\/08\/13\/thierno-souleymane-diallo\/","og_site_name":"Afrikaldia \u2013 Festival Vasco de Cines Africanos","article_published_time":"2023-08-13T16:50:55+00:00","article_modified_time":"2023-09-21T09:50:55+00:00","og_image":[{"width":1620,"height":1080,"url":"https:\/\/www.afrikaldia.com\/wp-content\/uploads\/2023\/08\/Foto-dire.jpg","type":"image\/jpeg"}],"author":"AdminAfrika","twitter_card":"summary_large_image","twitter_misc":{"\u00c9crit par":"AdminAfrika","Dur\u00e9e de lecture estim\u00e9e":"3 minutes"},"schema":{"@context":"https:\/\/schema.org","@graph":[{"@type":"WebPage","@id":"https:\/\/www.afrikaldia.com\/fr\/2023\/08\/13\/thierno-souleymane-diallo\/","url":"https:\/\/www.afrikaldia.com\/fr\/2023\/08\/13\/thierno-souleymane-diallo\/","name":"THIERNO SOULEYMANE DIALLO - Afrikaldia \u2013 Festival Vasco de Cines Africanos","isPartOf":{"@id":"https:\/\/www.afrikaldia.com\/#website"},"primaryImageOfPage":{"@id":"https:\/\/www.afrikaldia.com\/fr\/2023\/08\/13\/thierno-souleymane-diallo\/#primaryimage"},"image":{"@id":"https:\/\/www.afrikaldia.com\/fr\/2023\/08\/13\/thierno-souleymane-diallo\/#primaryimage"},"thumbnailUrl":"https:\/\/www.afrikaldia.com\/wp-content\/uploads\/2023\/08\/Foto-dire.jpg","datePublished":"2023-08-13T16:50:55+00:00","dateModified":"2023-09-21T09:50:55+00:00","author":{"@id":"https:\/\/www.afrikaldia.com\/#\/schema\/person\/638990ad462c5867697fb0382c10f28e"},"breadcrumb":{"@id":"https:\/\/www.afrikaldia.com\/fr\/2023\/08\/13\/thierno-souleymane-diallo\/#breadcrumb"},"inLanguage":"fr-FR","potentialAction":[{"@type":"ReadAction","target":["https:\/\/www.afrikaldia.com\/fr\/2023\/08\/13\/thierno-souleymane-diallo\/"]}]},{"@type":"ImageObject","inLanguage":"fr-FR","@id":"https:\/\/www.afrikaldia.com\/fr\/2023\/08\/13\/thierno-souleymane-diallo\/#primaryimage","url":"https:\/\/www.afrikaldia.com\/wp-content\/uploads\/2023\/08\/Foto-dire.jpg","contentUrl":"https:\/\/www.afrikaldia.com\/wp-content\/uploads\/2023\/08\/Foto-dire.jpg","width":1620,"height":1080},{"@type":"BreadcrumbList","@id":"https:\/\/www.afrikaldia.com\/fr\/2023\/08\/13\/thierno-souleymane-diallo\/#breadcrumb","itemListElement":[{"@type":"ListItem","position":1,"name":"Portada","item":"https:\/\/www.afrikaldia.com\/fr\/"},{"@type":"ListItem","position":2,"name":"THIERNO SOULEYMANE DIALLO"}]},{"@type":"WebSite","@id":"https:\/\/www.afrikaldia.com\/#website","url":"https:\/\/www.afrikaldia.com\/","name":"Afrikaldia \u2013 Festival Vasco de Cines Africanos","description":"AFRIKALDIA es un festival internacional de cine de car\u00e1cter competitivo, dirigido a todos los p\u00fablicos.","potentialAction":[{"@type":"SearchAction","target":{"@type":"EntryPoint","urlTemplate":"https:\/\/www.afrikaldia.com\/?s={search_term_string}"},"query-input":{"@type":"PropertyValueSpecification","valueRequired":true,"valueName":"search_term_string"}}],"inLanguage":"fr-FR"},{"@type":"Person","@id":"https:\/\/www.afrikaldia.com\/#\/schema\/person\/638990ad462c5867697fb0382c10f28e","name":"AdminAfrika","image":{"@type":"ImageObject","inLanguage":"fr-FR","@id":"https:\/\/www.afrikaldia.com\/#\/schema\/person\/image\/","url":"https:\/\/www.afrikaldia.com\/wp-content\/litespeed\/avatar\/f9f62e4a8710aed3b945aca4f2756f19.jpg?ver=1777444892","contentUrl":"https:\/\/www.afrikaldia.com\/wp-content\/litespeed\/avatar\/f9f62e4a8710aed3b945aca4f2756f19.jpg?ver=1777444892","caption":"AdminAfrika"},"sameAs":["https:\/\/www.afrikaldia.com"],"url":"https:\/\/www.afrikaldia.com\/fr\/author\/AdminAfrika\/"}]}},"_links":{"self":[{"href":"https:\/\/www.afrikaldia.com\/fr\/wp-json\/wp\/v2\/posts\/15291","targetHints":{"allow":["GET"]}}],"collection":[{"href":"https:\/\/www.afrikaldia.com\/fr\/wp-json\/wp\/v2\/posts"}],"about":[{"href":"https:\/\/www.afrikaldia.com\/fr\/wp-json\/wp\/v2\/types\/post"}],"author":[{"embeddable":true,"href":"https:\/\/www.afrikaldia.com\/fr\/wp-json\/wp\/v2\/users\/1"}],"replies":[{"embeddable":true,"href":"https:\/\/www.afrikaldia.com\/fr\/wp-json\/wp\/v2\/comments?post=15291"}],"version-history":[{"count":28,"href":"https:\/\/www.afrikaldia.com\/fr\/wp-json\/wp\/v2\/posts\/15291\/revisions"}],"predecessor-version":[{"id":18346,"href":"https:\/\/www.afrikaldia.com\/fr\/wp-json\/wp\/v2\/posts\/15291\/revisions\/18346"}],"wp:featuredmedia":[{"embeddable":true,"href":"https:\/\/www.afrikaldia.com\/fr\/wp-json\/wp\/v2\/media\/15255"}],"wp:attachment":[{"href":"https:\/\/www.afrikaldia.com\/fr\/wp-json\/wp\/v2\/media?parent=15291"}],"wp:term":[{"taxonomy":"category","embeddable":true,"href":"https:\/\/www.afrikaldia.com\/fr\/wp-json\/wp\/v2\/categories?post=15291"},{"taxonomy":"post_tag","embeddable":true,"href":"https:\/\/www.afrikaldia.com\/fr\/wp-json\/wp\/v2\/tags?post=15291"}],"curies":[{"name":"wp","href":"https:\/\/api.w.org\/{rel}","templated":true}]}}