{"id":23989,"date":"2025-10-14T16:19:45","date_gmt":"2025-10-14T16:19:45","guid":{"rendered":"https:\/\/www.afrikaldia.com\/?p=23989"},"modified":"2025-10-14T16:20:20","modified_gmt":"2025-10-14T16:20:20","slug":"afrikaldia-jaialdiak-hamabi-lan-zinematografiko-eskainiko-ditu-gasteizen-urriaren-28tik-azaroaren-4ra-bitarte","status":"publish","type":"post","link":"https:\/\/www.afrikaldia.com\/eu\/2025\/10\/14\/afrikaldia-jaialdiak-hamabi-lan-zinematografiko-eskainiko-ditu-gasteizen-urriaren-28tik-azaroaren-4ra-bitarte\/","title":{"rendered":"Afrikaldia jaialdiak hamabi lan zinematografiko eskainiko ditu Gasteizen urriaren 28tik azaroaren 4ra bitarte"},"content":{"rendered":"<ul>\n<li><strong>18 saiotan eskainiko dira; hamabi gaztelaniaz, eta sei euskarazko azpitituluekin\u00a0<\/strong><\/li>\n<li><strong>Bosgarren edizioak 14 jarduera paralelo izango ditu eta omenaldia egingo dio Souleymane Ciss\u00e9 Maliko zinema-zuzendari zenari<\/strong><\/li>\n<\/ul>\n<p>Afrikar Zinemen Euskal Jaialdiaren, Afrikaldiaren,\u00a0<strong>bosgarren edizioa<\/strong>\u00a0Vitoria-Gasteizen egingo da\u00a0<strong>urriaren 28tik azaroaren 4ra<\/strong>\u00a0bitarte. Bertan,\u00a0<strong>hamabi lan zinematografiko<\/strong>\u00a0eta hamalau jarduera eskainiko dituzte. Hitzordua Kultura Bendera eta Africanista Manuel Iradier elkarteek antolatu dute eta Arabako hiriburuan bizi diren afrikarren hamasei kolektibok hartuko dute parte. Ekimenak Udalaren, Eusko Jaurlaritzaren eta Vital Fundazioaren laguntza jaso du.<\/p>\n<p>Gaur goizean aurkeztu dituzte aurtengo edizioaren xehetasunak prentsaurreko bidez eta bertan izan dira honako hauek: Garapenerako Lankidetza zinegotzia, Ana L\u00f3pez de Uralde; Vital Fundazioko zuzendaria, Arantxa Ib\u00e1\u00f1ez de Opacua; eta jaialdiaren zuzendariak, Itziar Inza Moraza eta Aur\u00e9lien Christian Manga.<\/p>\n<p>L\u00f3pez de Uraldek nabarmendu duenez,<em>\u00a0\u201cAfrikaldia zinema-jaialdia baino askoz gehiago da; kulturen arteko zubia da, Afrika kontinenteko errealitateei eta ahotsei irekitako leihoa.\u00a0Udalak berretsi egiten du lankidetzarekin eta aniztasunarekin dugun konpromisoa, eraldaketarako eta elkar ulertzeko funtsezko eragileak baitira. Ekimen honek, bertako proiekzioen bidez, Afrikako produkzio zinematografikoa ezagutzeko eta baloratzeko aukera ematen digu\u201d.\u00a0<\/em><\/p>\n<p><strong>Ikus-entzunezko hamabi lanak<\/strong>\u00a0estreinaldi absolutuak (erdia Estatu mailan, eta beste erdia Euskadi mailan) izango dira eta honela banatuko dira:\u00a0<strong>fikziozko sei film<\/strong>\u00a0eta\u00a0<strong>sei dokumental<\/strong>. 18 saiotan eskainiko dira: haietako hamabi gaztelaniaz,\u00a0<strong>Florida zinema-aretoetan<\/strong>\u00a0eta\u00a0<strong>euskarazko<\/strong>\u00a0azpitituluak dituzten sei lanak\u00a0<strong>Izaskun Arrue Kulturgunean<\/strong>\u00a0(lehen aldiz egingo du ekimenarekin bat) izango dira ikusgai.<\/p>\n<p>Jaialdia egingo den astean zehar, nazioarteko hamabi gonbidatuk (diasporako zuzendariak, ekoizleak eta artistak, besteak beste) antolatutako jardueretan parte hartu eta ikusleekin hitz egingo dute. Guztira, hogei bat herrialde egongo dira ordezkatuta film horien ekoizpenean. Filmek sari eta aitortza ugari jaso dituzte kritikaren eta publikoaren eskutik, eta nazioarteko jaialdi askotan.<\/p>\n<p>Artium Museoak bat egingo du aurten jaialdiarekin eta Afrikako zinemari buruzko ikastaroa hartuko du. Zinema-industriako profesionalei zuzendutako jarduerak Europa Biltzar Jauregian egingo dira, eta gazteentzako eta haurrentzako tailerrak, berriz, EHUren Arabako Unibertsitate Campusean, Mendizabala Institutuan, Arte eta Lanbide Eskolan eta IDarten.<\/p>\n<p><strong>Inaugurazio-ekitaldia urriaren 28an, asteartean, egingo da Europa Biltzar Jauregian<\/strong>, eta Sambou Diaby Senegalgo sustraiak dituen euskal aktoreak zuzenduko du. Ekitaldian, bertaratutakoek \u2018As Aventuras do Angoast\u2019 filma ikusteko aukera izango dute. Bertan izango dira, gainera, filmaren zuzendariak, Resem Verkron eta Marc Serena. Gainera, joan den otsailean hil zen Souleymane Ciss\u00e9 Maliko zinema-zuzendari ospetsuari omenaldia egingo diote.\u00a0<strong>Itxiera-ekitaldia azaroaren 4an<\/strong>\u00a0egingo da, asteartean, eta epaimahaiaren, publikoaren eta soinu-banda onenaren sariak banatuko dituzte.<\/p>\n<p>&nbsp;<\/p>\n","protected":false},"excerpt":{"rendered":"<p>18 saiotan eskainiko dira; hamabi gaztelaniaz, eta sei euskarazko azpitituluekin\u00a0 Bosgarren edizioak 14 jarduera paralelo izango ditu eta omenaldia egingo dio Souleymane Ciss\u00e9 Maliko zinema-zuzendari zenari Afrikar Zinemen Euskal Jaialdiaren, Afrikaldiaren,\u00a0bosgarren edizioa\u00a0Vitoria-Gasteizen egingo da\u00a0urriaren 28tik azaroaren 4ra\u00a0bitarte. Bertan,\u00a0hamabi lan zinematografiko\u00a0eta hamalau jarduera eskainiko dituzte. Hitzordua Kultura Bendera eta Africanista Manuel Iradier elkarteek antolatu dute eta [&hellip;]<\/p>\n","protected":false},"author":2,"featured_media":23985,"comment_status":"closed","ping_status":"open","sticky":false,"template":"","format":"standard","meta":{"_monsterinsights_skip_tracking":false,"_monsterinsights_sitenote_active":false,"_monsterinsights_sitenote_note":"","_monsterinsights_sitenote_category":0,"footnotes":""},"categories":[131],"tags":[],"class_list":["post-23989","post","type-post","status-publish","format-standard","has-post-thumbnail","hentry","category-prensa-eu"],"yoast_head":"<!-- This site is optimized with the Yoast SEO plugin v26.2 - https:\/\/yoast.com\/wordpress\/plugins\/seo\/ -->\n<title>Afrikaldia jaialdiak hamabi lan zinematografiko eskainiko ditu Gasteizen urriaren 28tik azaroaren 4ra bitarte - Afrikaldia \u2013 Festival Vasco de Cines Africanos<\/title>\n<meta name=\"robots\" content=\"index, follow, max-snippet:-1, max-image-preview:large, max-video-preview:-1\" \/>\n<link rel=\"canonical\" href=\"https:\/\/www.afrikaldia.com\/eu\/2025\/10\/14\/afrikaldia-jaialdiak-hamabi-lan-zinematografiko-eskainiko-ditu-gasteizen-urriaren-28tik-azaroaren-4ra-bitarte\/\" \/>\n<meta property=\"og:locale\" content=\"eu_ES\" \/>\n<meta property=\"og:type\" content=\"article\" \/>\n<meta property=\"og:title\" content=\"Afrikaldia jaialdiak hamabi lan zinematografiko eskainiko ditu Gasteizen urriaren 28tik azaroaren 4ra bitarte - Afrikaldia \u2013 Festival Vasco de Cines Africanos\" \/>\n<meta property=\"og:description\" content=\"18 saiotan eskainiko dira; hamabi gaztelaniaz, eta sei euskarazko azpitituluekin\u00a0 Bosgarren edizioak 14 jarduera paralelo izango ditu eta omenaldia egingo dio Souleymane Ciss\u00e9 Maliko zinema-zuzendari zenari Afrikar Zinemen Euskal Jaialdiaren, Afrikaldiaren,\u00a0bosgarren edizioa\u00a0Vitoria-Gasteizen egingo da\u00a0urriaren 28tik azaroaren 4ra\u00a0bitarte. Bertan,\u00a0hamabi lan zinematografiko\u00a0eta hamalau jarduera eskainiko dituzte. Hitzordua Kultura Bendera eta Africanista Manuel Iradier elkarteek antolatu dute eta [&hellip;]\" \/>\n<meta property=\"og:url\" content=\"https:\/\/www.afrikaldia.com\/eu\/2025\/10\/14\/afrikaldia-jaialdiak-hamabi-lan-zinematografiko-eskainiko-ditu-gasteizen-urriaren-28tik-azaroaren-4ra-bitarte\/\" \/>\n<meta property=\"og:site_name\" content=\"Afrikaldia \u2013 Festival Vasco de Cines Africanos\" \/>\n<meta property=\"article:published_time\" content=\"2025-10-14T16:19:45+00:00\" \/>\n<meta property=\"article:modified_time\" content=\"2025-10-14T16:20:20+00:00\" \/>\n<meta property=\"og:image\" content=\"https:\/\/www.afrikaldia.com\/wp-content\/uploads\/2025\/10\/foto-sala-de-prensa-scaled-1.jpg\" \/>\n\t<meta property=\"og:image:width\" content=\"2560\" \/>\n\t<meta property=\"og:image:height\" content=\"1920\" \/>\n\t<meta property=\"og:image:type\" content=\"image\/jpeg\" \/>\n<meta name=\"author\" content=\"Iker Perea\" \/>\n<meta name=\"twitter:card\" content=\"summary_large_image\" \/>\n<meta name=\"twitter:label1\" content=\"Written by\" \/>\n\t<meta name=\"twitter:data1\" content=\"Iker Perea\" \/>\n\t<meta name=\"twitter:label2\" content=\"Est. reading time\" \/>\n\t<meta name=\"twitter:data2\" content=\"2 minutes\" \/>\n<script type=\"application\/ld+json\" class=\"yoast-schema-graph\">{\"@context\":\"https:\/\/schema.org\",\"@graph\":[{\"@type\":\"WebPage\",\"@id\":\"https:\/\/www.afrikaldia.com\/eu\/2025\/10\/14\/afrikaldia-jaialdiak-hamabi-lan-zinematografiko-eskainiko-ditu-gasteizen-urriaren-28tik-azaroaren-4ra-bitarte\/\",\"url\":\"https:\/\/www.afrikaldia.com\/eu\/2025\/10\/14\/afrikaldia-jaialdiak-hamabi-lan-zinematografiko-eskainiko-ditu-gasteizen-urriaren-28tik-azaroaren-4ra-bitarte\/\",\"name\":\"Afrikaldia jaialdiak hamabi lan zinematografiko eskainiko ditu Gasteizen urriaren 28tik azaroaren 4ra bitarte - Afrikaldia \u2013 Festival Vasco de Cines Africanos\",\"isPartOf\":{\"@id\":\"https:\/\/www.afrikaldia.com\/#website\"},\"primaryImageOfPage\":{\"@id\":\"https:\/\/www.afrikaldia.com\/eu\/2025\/10\/14\/afrikaldia-jaialdiak-hamabi-lan-zinematografiko-eskainiko-ditu-gasteizen-urriaren-28tik-azaroaren-4ra-bitarte\/#primaryimage\"},\"image\":{\"@id\":\"https:\/\/www.afrikaldia.com\/eu\/2025\/10\/14\/afrikaldia-jaialdiak-hamabi-lan-zinematografiko-eskainiko-ditu-gasteizen-urriaren-28tik-azaroaren-4ra-bitarte\/#primaryimage\"},\"thumbnailUrl\":\"https:\/\/www.afrikaldia.com\/wp-content\/uploads\/2025\/10\/foto-sala-de-prensa-scaled-1.jpg\",\"datePublished\":\"2025-10-14T16:19:45+00:00\",\"dateModified\":\"2025-10-14T16:20:20+00:00\",\"author\":{\"@id\":\"https:\/\/www.afrikaldia.com\/#\/schema\/person\/096393fb5d2c49edca48c4963d989884\"},\"breadcrumb\":{\"@id\":\"https:\/\/www.afrikaldia.com\/eu\/2025\/10\/14\/afrikaldia-jaialdiak-hamabi-lan-zinematografiko-eskainiko-ditu-gasteizen-urriaren-28tik-azaroaren-4ra-bitarte\/#breadcrumb\"},\"inLanguage\":\"eu-ES\",\"potentialAction\":[{\"@type\":\"ReadAction\",\"target\":[\"https:\/\/www.afrikaldia.com\/eu\/2025\/10\/14\/afrikaldia-jaialdiak-hamabi-lan-zinematografiko-eskainiko-ditu-gasteizen-urriaren-28tik-azaroaren-4ra-bitarte\/\"]}]},{\"@type\":\"ImageObject\",\"inLanguage\":\"eu-ES\",\"@id\":\"https:\/\/www.afrikaldia.com\/eu\/2025\/10\/14\/afrikaldia-jaialdiak-hamabi-lan-zinematografiko-eskainiko-ditu-gasteizen-urriaren-28tik-azaroaren-4ra-bitarte\/#primaryimage\",\"url\":\"https:\/\/www.afrikaldia.com\/wp-content\/uploads\/2025\/10\/foto-sala-de-prensa-scaled-1.jpg\",\"contentUrl\":\"https:\/\/www.afrikaldia.com\/wp-content\/uploads\/2025\/10\/foto-sala-de-prensa-scaled-1.jpg\",\"width\":2560,\"height\":1920},{\"@type\":\"BreadcrumbList\",\"@id\":\"https:\/\/www.afrikaldia.com\/eu\/2025\/10\/14\/afrikaldia-jaialdiak-hamabi-lan-zinematografiko-eskainiko-ditu-gasteizen-urriaren-28tik-azaroaren-4ra-bitarte\/#breadcrumb\",\"itemListElement\":[{\"@type\":\"ListItem\",\"position\":1,\"name\":\"Portada\",\"item\":\"https:\/\/www.afrikaldia.com\/eu\/\"},{\"@type\":\"ListItem\",\"position\":2,\"name\":\"Afrikaldia jaialdiak hamabi lan zinematografiko eskainiko ditu Gasteizen urriaren 28tik azaroaren 4ra bitarte\"}]},{\"@type\":\"WebSite\",\"@id\":\"https:\/\/www.afrikaldia.com\/#website\",\"url\":\"https:\/\/www.afrikaldia.com\/\",\"name\":\"Afrikaldia \u2013 Festival Vasco de Cines Africanos\",\"description\":\"AFRIKALDIA es un festival internacional de cine de car\u00e1cter competitivo, dirigido a todos los p\u00fablicos.\",\"potentialAction\":[{\"@type\":\"SearchAction\",\"target\":{\"@type\":\"EntryPoint\",\"urlTemplate\":\"https:\/\/www.afrikaldia.com\/?s={search_term_string}\"},\"query-input\":{\"@type\":\"PropertyValueSpecification\",\"valueRequired\":true,\"valueName\":\"search_term_string\"}}],\"inLanguage\":\"eu-ES\"},{\"@type\":\"Person\",\"@id\":\"https:\/\/www.afrikaldia.com\/#\/schema\/person\/096393fb5d2c49edca48c4963d989884\",\"name\":\"Iker Perea\",\"image\":{\"@type\":\"ImageObject\",\"inLanguage\":\"eu-ES\",\"@id\":\"https:\/\/www.afrikaldia.com\/#\/schema\/person\/image\/\",\"url\":\"https:\/\/www.afrikaldia.com\/wp-content\/litespeed\/avatar\/73aee405988a6352d92bc38e8067584a.jpg?ver=1776844666\",\"contentUrl\":\"https:\/\/www.afrikaldia.com\/wp-content\/litespeed\/avatar\/73aee405988a6352d92bc38e8067584a.jpg?ver=1776844666\",\"caption\":\"Iker Perea\"},\"url\":\"https:\/\/www.afrikaldia.com\/eu\/author\/iker\/\"}]}<\/script>\n<!-- \/ Yoast SEO plugin. -->","yoast_head_json":{"title":"Afrikaldia jaialdiak hamabi lan zinematografiko eskainiko ditu Gasteizen urriaren 28tik azaroaren 4ra bitarte - Afrikaldia \u2013 Festival Vasco de Cines Africanos","robots":{"index":"index","follow":"follow","max-snippet":"max-snippet:-1","max-image-preview":"max-image-preview:large","max-video-preview":"max-video-preview:-1"},"canonical":"https:\/\/www.afrikaldia.com\/eu\/2025\/10\/14\/afrikaldia-jaialdiak-hamabi-lan-zinematografiko-eskainiko-ditu-gasteizen-urriaren-28tik-azaroaren-4ra-bitarte\/","og_locale":"eu_ES","og_type":"article","og_title":"Afrikaldia jaialdiak hamabi lan zinematografiko eskainiko ditu Gasteizen urriaren 28tik azaroaren 4ra bitarte - Afrikaldia \u2013 Festival Vasco de Cines Africanos","og_description":"18 saiotan eskainiko dira; hamabi gaztelaniaz, eta sei euskarazko azpitituluekin\u00a0 Bosgarren edizioak 14 jarduera paralelo izango ditu eta omenaldia egingo dio Souleymane Ciss\u00e9 Maliko zinema-zuzendari zenari Afrikar Zinemen Euskal Jaialdiaren, Afrikaldiaren,\u00a0bosgarren edizioa\u00a0Vitoria-Gasteizen egingo da\u00a0urriaren 28tik azaroaren 4ra\u00a0bitarte. Bertan,\u00a0hamabi lan zinematografiko\u00a0eta hamalau jarduera eskainiko dituzte. Hitzordua Kultura Bendera eta Africanista Manuel Iradier elkarteek antolatu dute eta [&hellip;]","og_url":"https:\/\/www.afrikaldia.com\/eu\/2025\/10\/14\/afrikaldia-jaialdiak-hamabi-lan-zinematografiko-eskainiko-ditu-gasteizen-urriaren-28tik-azaroaren-4ra-bitarte\/","og_site_name":"Afrikaldia \u2013 Festival Vasco de Cines Africanos","article_published_time":"2025-10-14T16:19:45+00:00","article_modified_time":"2025-10-14T16:20:20+00:00","og_image":[{"width":2560,"height":1920,"url":"https:\/\/www.afrikaldia.com\/wp-content\/uploads\/2025\/10\/foto-sala-de-prensa-scaled-1.jpg","type":"image\/jpeg"}],"author":"Iker Perea","twitter_card":"summary_large_image","twitter_misc":{"Written by":"Iker Perea","Est. reading time":"2 minutes"},"schema":{"@context":"https:\/\/schema.org","@graph":[{"@type":"WebPage","@id":"https:\/\/www.afrikaldia.com\/eu\/2025\/10\/14\/afrikaldia-jaialdiak-hamabi-lan-zinematografiko-eskainiko-ditu-gasteizen-urriaren-28tik-azaroaren-4ra-bitarte\/","url":"https:\/\/www.afrikaldia.com\/eu\/2025\/10\/14\/afrikaldia-jaialdiak-hamabi-lan-zinematografiko-eskainiko-ditu-gasteizen-urriaren-28tik-azaroaren-4ra-bitarte\/","name":"Afrikaldia jaialdiak hamabi lan zinematografiko eskainiko ditu Gasteizen urriaren 28tik azaroaren 4ra bitarte - Afrikaldia \u2013 Festival Vasco de Cines Africanos","isPartOf":{"@id":"https:\/\/www.afrikaldia.com\/#website"},"primaryImageOfPage":{"@id":"https:\/\/www.afrikaldia.com\/eu\/2025\/10\/14\/afrikaldia-jaialdiak-hamabi-lan-zinematografiko-eskainiko-ditu-gasteizen-urriaren-28tik-azaroaren-4ra-bitarte\/#primaryimage"},"image":{"@id":"https:\/\/www.afrikaldia.com\/eu\/2025\/10\/14\/afrikaldia-jaialdiak-hamabi-lan-zinematografiko-eskainiko-ditu-gasteizen-urriaren-28tik-azaroaren-4ra-bitarte\/#primaryimage"},"thumbnailUrl":"https:\/\/www.afrikaldia.com\/wp-content\/uploads\/2025\/10\/foto-sala-de-prensa-scaled-1.jpg","datePublished":"2025-10-14T16:19:45+00:00","dateModified":"2025-10-14T16:20:20+00:00","author":{"@id":"https:\/\/www.afrikaldia.com\/#\/schema\/person\/096393fb5d2c49edca48c4963d989884"},"breadcrumb":{"@id":"https:\/\/www.afrikaldia.com\/eu\/2025\/10\/14\/afrikaldia-jaialdiak-hamabi-lan-zinematografiko-eskainiko-ditu-gasteizen-urriaren-28tik-azaroaren-4ra-bitarte\/#breadcrumb"},"inLanguage":"eu-ES","potentialAction":[{"@type":"ReadAction","target":["https:\/\/www.afrikaldia.com\/eu\/2025\/10\/14\/afrikaldia-jaialdiak-hamabi-lan-zinematografiko-eskainiko-ditu-gasteizen-urriaren-28tik-azaroaren-4ra-bitarte\/"]}]},{"@type":"ImageObject","inLanguage":"eu-ES","@id":"https:\/\/www.afrikaldia.com\/eu\/2025\/10\/14\/afrikaldia-jaialdiak-hamabi-lan-zinematografiko-eskainiko-ditu-gasteizen-urriaren-28tik-azaroaren-4ra-bitarte\/#primaryimage","url":"https:\/\/www.afrikaldia.com\/wp-content\/uploads\/2025\/10\/foto-sala-de-prensa-scaled-1.jpg","contentUrl":"https:\/\/www.afrikaldia.com\/wp-content\/uploads\/2025\/10\/foto-sala-de-prensa-scaled-1.jpg","width":2560,"height":1920},{"@type":"BreadcrumbList","@id":"https:\/\/www.afrikaldia.com\/eu\/2025\/10\/14\/afrikaldia-jaialdiak-hamabi-lan-zinematografiko-eskainiko-ditu-gasteizen-urriaren-28tik-azaroaren-4ra-bitarte\/#breadcrumb","itemListElement":[{"@type":"ListItem","position":1,"name":"Portada","item":"https:\/\/www.afrikaldia.com\/eu\/"},{"@type":"ListItem","position":2,"name":"Afrikaldia jaialdiak hamabi lan zinematografiko eskainiko ditu Gasteizen urriaren 28tik azaroaren 4ra bitarte"}]},{"@type":"WebSite","@id":"https:\/\/www.afrikaldia.com\/#website","url":"https:\/\/www.afrikaldia.com\/","name":"Afrikaldia \u2013 Festival Vasco de Cines Africanos","description":"AFRIKALDIA es un festival internacional de cine de car\u00e1cter competitivo, dirigido a todos los p\u00fablicos.","potentialAction":[{"@type":"SearchAction","target":{"@type":"EntryPoint","urlTemplate":"https:\/\/www.afrikaldia.com\/?s={search_term_string}"},"query-input":{"@type":"PropertyValueSpecification","valueRequired":true,"valueName":"search_term_string"}}],"inLanguage":"eu-ES"},{"@type":"Person","@id":"https:\/\/www.afrikaldia.com\/#\/schema\/person\/096393fb5d2c49edca48c4963d989884","name":"Iker Perea","image":{"@type":"ImageObject","inLanguage":"eu-ES","@id":"https:\/\/www.afrikaldia.com\/#\/schema\/person\/image\/","url":"https:\/\/www.afrikaldia.com\/wp-content\/litespeed\/avatar\/73aee405988a6352d92bc38e8067584a.jpg?ver=1776844666","contentUrl":"https:\/\/www.afrikaldia.com\/wp-content\/litespeed\/avatar\/73aee405988a6352d92bc38e8067584a.jpg?ver=1776844666","caption":"Iker Perea"},"url":"https:\/\/www.afrikaldia.com\/eu\/author\/iker\/"}]}},"_links":{"self":[{"href":"https:\/\/www.afrikaldia.com\/eu\/wp-json\/wp\/v2\/posts\/23989","targetHints":{"allow":["GET"]}}],"collection":[{"href":"https:\/\/www.afrikaldia.com\/eu\/wp-json\/wp\/v2\/posts"}],"about":[{"href":"https:\/\/www.afrikaldia.com\/eu\/wp-json\/wp\/v2\/types\/post"}],"author":[{"embeddable":true,"href":"https:\/\/www.afrikaldia.com\/eu\/wp-json\/wp\/v2\/users\/2"}],"replies":[{"embeddable":true,"href":"https:\/\/www.afrikaldia.com\/eu\/wp-json\/wp\/v2\/comments?post=23989"}],"version-history":[{"count":1,"href":"https:\/\/www.afrikaldia.com\/eu\/wp-json\/wp\/v2\/posts\/23989\/revisions"}],"predecessor-version":[{"id":23990,"href":"https:\/\/www.afrikaldia.com\/eu\/wp-json\/wp\/v2\/posts\/23989\/revisions\/23990"}],"wp:featuredmedia":[{"embeddable":true,"href":"https:\/\/www.afrikaldia.com\/eu\/wp-json\/wp\/v2\/media\/23985"}],"wp:attachment":[{"href":"https:\/\/www.afrikaldia.com\/eu\/wp-json\/wp\/v2\/media?parent=23989"}],"wp:term":[{"taxonomy":"category","embeddable":true,"href":"https:\/\/www.afrikaldia.com\/eu\/wp-json\/wp\/v2\/categories?post=23989"},{"taxonomy":"post_tag","embeddable":true,"href":"https:\/\/www.afrikaldia.com\/eu\/wp-json\/wp\/v2\/tags?post=23989"}],"curies":[{"name":"wp","href":"https:\/\/api.w.org\/{rel}","templated":true}]}}