{"id":15277,"date":"2023-08-13T16:50:55","date_gmt":"2023-08-13T16:50:55","guid":{"rendered":"https:\/\/www.afrikaldia.com\/?p=15277"},"modified":"2023-09-21T09:51:12","modified_gmt":"2023-09-21T09:51:12","slug":"thierno-souleymane-diallo","status":"publish","type":"post","link":"https:\/\/www.afrikaldia.com\/en\/2023\/08\/13\/thierno-souleymane-diallo\/","title":{"rendered":"THIERNO SOULEYMANE DIALLO"},"content":{"rendered":"\t\t<div data-elementor-type=\"wp-post\" data-elementor-id=\"15277\" class=\"elementor elementor-15277 elementor-15256\">\n\t\t\t\t\t\t<section class=\"elementor-section elementor-top-section elementor-element elementor-element-ec9864a elementor-section-boxed elementor-section-height-default elementor-section-height-default qodef-elementor-content-no\" data-id=\"ec9864a\" data-element_type=\"section\">\n\t\t\t\t\t\t<div class=\"elementor-container elementor-column-gap-default\">\n\t\t\t\t\t<div class=\"elementor-column elementor-col-100 elementor-top-column elementor-element elementor-element-e8bf106\" data-id=\"e8bf106\" data-element_type=\"column\">\n\t\t\t<div class=\"elementor-widget-wrap elementor-element-populated\">\n\t\t\t\t\t\t<section class=\"elementor-section elementor-inner-section elementor-element elementor-element-f223020 elementor-section-boxed elementor-section-height-default elementor-section-height-default qodef-elementor-content-no\" data-id=\"f223020\" data-element_type=\"section\">\n\t\t\t\t\t\t<div class=\"elementor-container elementor-column-gap-default\">\n\t\t\t\t\t<div class=\"elementor-column elementor-col-100 elementor-inner-column elementor-element elementor-element-f74ee49\" data-id=\"f74ee49\" data-element_type=\"column\">\n\t\t\t<div class=\"elementor-widget-wrap elementor-element-populated\">\n\t\t\t\t\t\t<div class=\"elementor-element elementor-element-8f0039a elementor-widget elementor-widget-coppola_core_section_title\" data-id=\"8f0039a\" data-element_type=\"widget\" data-widget_type=\"coppola_core_section_title.default\">\n\t\t\t\t<div class=\"elementor-widget-container\">\n\t\t\t\t\t<div class=\"qodef-shortcode qodef-m  qodef-section-title qodef-alignment--left \">\n\t\t\t<h2 class=\"qodef-m-title\" >\n\t\t\t\t\tTHIERNO SOULEYMANE DIALLO\t\t\t<\/h2>\n\t\t<\/div>\n\t\t\t\t<\/div>\n\t\t\t\t<\/div>\n\t\t\t\t\t<\/div>\n\t\t<\/div>\n\t\t\t\t\t<\/div>\n\t\t<\/section>\n\t\t\t\t<section class=\"elementor-section elementor-inner-section elementor-element elementor-element-f45164e elementor-section-boxed elementor-section-height-default elementor-section-height-default qodef-elementor-content-no\" data-id=\"f45164e\" data-element_type=\"section\">\n\t\t\t\t\t\t<div class=\"elementor-container elementor-column-gap-default\">\n\t\t\t\t\t<div class=\"elementor-column elementor-col-50 elementor-inner-column elementor-element elementor-element-0994d97\" data-id=\"0994d97\" data-element_type=\"column\">\n\t\t\t<div class=\"elementor-widget-wrap elementor-element-populated\">\n\t\t\t\t\t\t<div class=\"elementor-element elementor-element-24cb30f e-transform elementor-widget elementor-widget-image\" data-id=\"24cb30f\" data-element_type=\"widget\" data-settings=\"{&quot;_transform_scale_effect&quot;:{&quot;unit&quot;:&quot;px&quot;,&quot;size&quot;:&quot;&quot;,&quot;sizes&quot;:[]},&quot;_transform_scale_effect_tablet&quot;:{&quot;unit&quot;:&quot;px&quot;,&quot;size&quot;:&quot;&quot;,&quot;sizes&quot;:[]},&quot;_transform_scale_effect_mobile&quot;:{&quot;unit&quot;:&quot;px&quot;,&quot;size&quot;:&quot;&quot;,&quot;sizes&quot;:[]}}\" data-widget_type=\"image.default\">\n\t\t\t\t<div class=\"elementor-widget-container\">\n\t\t\t\t\t\t\t\t\t\t\t\t\t\t\t<img fetchpriority=\"high\" decoding=\"async\" width=\"1620\" height=\"1080\" src=\"https:\/\/www.afrikaldia.com\/wp-content\/uploads\/2023\/08\/Foto-dire.jpg\" class=\"attachment-full size-full wp-image-15254\" alt=\"\" srcset=\"https:\/\/www.afrikaldia.com\/wp-content\/uploads\/2023\/08\/Foto-dire.jpg 1620w, https:\/\/www.afrikaldia.com\/wp-content\/uploads\/2023\/08\/Foto-dire-300x200.jpg 300w, https:\/\/www.afrikaldia.com\/wp-content\/uploads\/2023\/08\/Foto-dire-1024x683.jpg 1024w, https:\/\/www.afrikaldia.com\/wp-content\/uploads\/2023\/08\/Foto-dire-768x512.jpg 768w, https:\/\/www.afrikaldia.com\/wp-content\/uploads\/2023\/08\/Foto-dire-1536x1024.jpg 1536w\" sizes=\"(max-width: 1620px) 100vw, 1620px\" \/>\t\t\t\t\t\t\t\t\t\t\t\t\t\t\t<\/div>\n\t\t\t\t<\/div>\n\t\t\t\t\t<\/div>\n\t\t<\/div>\n\t\t\t\t<div class=\"elementor-column elementor-col-50 elementor-inner-column elementor-element elementor-element-1645de3\" data-id=\"1645de3\" data-element_type=\"column\">\n\t\t\t<div class=\"elementor-widget-wrap elementor-element-populated\">\n\t\t\t\t\t\t<div class=\"elementor-element elementor-element-d95682b elementor-widget__width-initial elementor-widget elementor-widget-text-editor\" data-id=\"d95682b\" data-element_type=\"widget\" data-widget_type=\"text-editor.default\">\n\t\t\t\t<div class=\"elementor-widget-container\">\n\t\t\t\t\t\t\t\t\t<p><strong>BIO<\/strong><\/p><p><span data-contrast=\"none\">The filmmaker was born in Guinea and studied at the Institut Sup\u00e9rieur des Arts de Guin\u00e9e (ISAG) in Dubr\u00e9ka.<\/span><\/p><p><span data-contrast=\"none\">In 2012, he moved to Niger to study documentary and then graduated with a degree in documentary cinema in Senegal. <\/span><\/p><p><span data-contrast=\"none\">After making several short films during his studies, he directed\u202f<\/span><i><span data-contrast=\"none\">Un homme pour ma famille<\/span><\/i><span data-contrast=\"none\">\u202fand\u202f<\/span><i><span data-contrast=\"none\">N\u00f4 M\u00ebt\u00ee S\u00eef\u00e2dhe<\/span><\/i><span data-contrast=\"none\">, two mid-length documentaries.\u202f<\/span><\/p><p><i><span data-contrast=\"none\">The Cementery of Cinema<\/span><\/i><span data-contrast=\"none\">\u202fis his debut feature-length film.<\/span><span data-ccp-props=\"{&quot;134233118&quot;:true,&quot;335551550&quot;:6,&quot;335551620&quot;:6}\">\u00a0<\/span><\/p>\t\t\t\t\t\t\t\t<\/div>\n\t\t\t\t<\/div>\n\t\t\t\t\t<\/div>\n\t\t<\/div>\n\t\t\t\t\t<\/div>\n\t\t<\/section>\n\t\t\t\t<section class=\"elementor-section elementor-inner-section elementor-element elementor-element-665c6ea elementor-section-boxed elementor-section-height-default elementor-section-height-default qodef-elementor-content-no\" data-id=\"665c6ea\" data-element_type=\"section\">\n\t\t\t\t\t\t<div class=\"elementor-container elementor-column-gap-default\">\n\t\t\t\t\t<div class=\"elementor-column elementor-col-100 elementor-inner-column elementor-element elementor-element-0fc6daa\" data-id=\"0fc6daa\" data-element_type=\"column\">\n\t\t\t<div class=\"elementor-widget-wrap elementor-element-populated\">\n\t\t\t\t\t\t<div class=\"elementor-element elementor-element-eb2fa29 elementor-widget__width-initial elementor-widget elementor-widget-text-editor\" data-id=\"eb2fa29\" data-element_type=\"widget\" data-widget_type=\"text-editor.default\">\n\t\t\t\t<div class=\"elementor-widget-container\">\n\t\t\t\t\t\t\t\t\t<p><span data-ccp-props=\"{&quot;134233118&quot;:true,&quot;335551550&quot;:6,&quot;335551620&quot;:6}\"><strong>FILMOGRAPHY<\/strong><br \/><\/span><\/p><p><b>2015<\/b>\u202f<em>Un homme pour ma famille <\/em>medium-length documentary\u202f<\/p><p><b>2018<\/b>\u202f<em>N\u00f4 M\u00ebt\u00ee S\u00eef\u00e2dhe<\/em> medium-length documentary\u202f<\/p><p><b>2023<\/b>\u202f<em>The Cementery of Cinema<\/em>\u00a0 <span data-contrast=\"none\">feature-length film<\/span><\/p>\t\t\t\t\t\t\t\t<\/div>\n\t\t\t\t<\/div>\n\t\t\t\t\t<\/div>\n\t\t<\/div>\n\t\t\t\t\t<\/div>\n\t\t<\/section>\n\t\t\t\t\t<\/div>\n\t\t<\/div>\n\t\t\t\t\t<\/div>\n\t\t<\/section>\n\t\t\t\t<section class=\"elementor-section elementor-top-section elementor-element elementor-element-3faca13 elementor-section-boxed elementor-section-height-default elementor-section-height-default qodef-elementor-content-no\" data-id=\"3faca13\" data-element_type=\"section\">\n\t\t\t\t\t\t<div class=\"elementor-container elementor-column-gap-default\">\n\t\t\t\t\t<div class=\"elementor-column elementor-col-100 elementor-top-column elementor-element elementor-element-347242f\" data-id=\"347242f\" data-element_type=\"column\">\n\t\t\t<div class=\"elementor-widget-wrap elementor-element-populated\">\n\t\t\t\t\t\t<div class=\"elementor-element elementor-element-e0b56eb elementor-widget elementor-widget-text-editor\" data-id=\"e0b56eb\" data-element_type=\"widget\" data-widget_type=\"text-editor.default\">\n\t\t\t\t<div class=\"elementor-widget-container\">\n\t\t\t\t\t\t\t\t\t<p><b><span data-contrast=\"auto\">DIRECTOR\u2019S STATEMENT<\/span><\/b><\/p><p><span data-contrast=\"none\">The film asks a lot of questions. It questions what a film actually is, but also what parts of history deserve to be carefully preserved and which don\u2019t. What kind of future will our countries face if all of our archives just disappear one day? As people say, \u201cA tree without roots cannot grow.\u201d Films are also parts of these roots. There is no judgement in\u202f<\/span><i><span data-contrast=\"none\">The Cemetery of Cinema<\/span><\/i><span data-contrast=\"none\">; no one is being accused personally. What\u2019s important is this collective awareness of the importance of both producing our own images and preserving them.<\/span><span data-ccp-props=\"{&quot;201341983&quot;:2,&quot;335551550&quot;:6,&quot;335551620&quot;:6,&quot;335559739&quot;:150,&quot;335559740&quot;:270}\">\u00a0<\/span><\/p><p><span data-contrast=\"none\">The first time I heard about<\/span><i><span data-contrast=\"none\"> Mouramani<\/span><\/i><span data-contrast=\"none\"> was in Niamey, in Niger. Our film history teacher told us that the first film from black francophone Africa was\u202f<\/span><i><span data-contrast=\"none\">Mouramani<\/span><\/i><span data-contrast=\"none\">\u202fand not\u202f<\/span><i><span data-contrast=\"none\">Afrique-sur-Seine<\/span><\/i><span data-contrast=\"none\">. From that moment on, I started to look for it. Everyone had heard of it, but no one had seen it.\u00a0<\/span><span data-ccp-props=\"{&quot;201341983&quot;:2,&quot;335551550&quot;:6,&quot;335551620&quot;:6,&quot;335559739&quot;:150,&quot;335559740&quot;:270}\">\u00a0<\/span><\/p><p><span data-contrast=\"none\">\u201cPlaying\u201d a character in this film was, first of all, a tribute to\u202fthe director of\u202f<\/span><i><span data-contrast=\"none\">Mouramani<\/span><\/i><span data-contrast=\"none\">. Me carrying this film is one thread of the story; I carry it through my desire to make cinema, through my fear of whether I will succeed in this profession or not. My character is a symbol of all those filmmakers who keep trying to make films as well as they can. In French, we say: \u201c<\/span><i><span data-contrast=\"none\">Arr\u00eate ton cinema<\/span><\/i><span data-contrast=\"none\">\u201d when someone is making a fuss. I wanted this character to be an example of someone who, in actual fact, doesn\u2019t stop making his cinema.<\/span><span data-ccp-props=\"{&quot;201341983&quot;:2,&quot;335551550&quot;:6,&quot;335551620&quot;:6,&quot;335559739&quot;:150,&quot;335559740&quot;:270}\">\u00a0<\/span><\/p><p><span data-contrast=\"none\">Like many people, I discovered cinemas early and, since then, there has been this magic connection between us. Seeing those dusty reels and those empty rooms, it\u2019s like seeing my childhood memories disappear alongside them. For me, the cinema is, and always has been, a magical place, where we can share intense and exceptional moments together. My past, and also my future, is connected to it.<\/span><span data-ccp-props=\"{&quot;201341983&quot;:2,&quot;335551550&quot;:6,&quot;335551620&quot;:6,&quot;335559739&quot;:150,&quot;335559740&quot;:270}\">\u00a0<\/span><\/p>\t\t\t\t\t\t\t\t<\/div>\n\t\t\t\t<\/div>\n\t\t\t\t\t<\/div>\n\t\t<\/div>\n\t\t\t\t\t<\/div>\n\t\t<\/section>\n\t\t\t\t<section class=\"elementor-section elementor-top-section elementor-element elementor-element-315d8d8 elementor-section-boxed elementor-section-height-default elementor-section-height-default qodef-elementor-content-no\" data-id=\"315d8d8\" data-element_type=\"section\">\n\t\t\t\t\t\t<div class=\"elementor-container elementor-column-gap-default\">\n\t\t\t\t\t<div class=\"elementor-column elementor-col-100 elementor-top-column elementor-element elementor-element-2515756\" data-id=\"2515756\" data-element_type=\"column\">\n\t\t\t<div class=\"elementor-widget-wrap elementor-element-populated\">\n\t\t\t\t\t\t<div class=\"elementor-element elementor-element-fb1bf34 elementor-widget elementor-widget-coppola_core_button\" data-id=\"fb1bf34\" data-element_type=\"widget\" data-widget_type=\"coppola_core_button.default\">\n\t\t\t\t<div class=\"elementor-widget-container\">\n\t\t\t\t\t<a class=\"qodef-shortcode qodef-m  qodef-button qodef-layout--textual  qodef-skin--default qodef-html--link\" href=\"https:\/\/www.afrikaldia.com\/en\/portfolio-item\/the-cementery-of-cinema\/\" target=\"_self\"  >\n\t<span class=\"qodef-m-text\">GO TO MOVIE &quot;The Cementery of cinema&quot;<svg class=\"qodef-svg--button-arrow\" xmlns=\"http:\/\/www.w3.org\/2000\/svg\" width=\"12.0148\" height=\"12.0143\"\n     viewBox=\"0 0 12.0148 12.0143\"><g><line x1=\"0.7071\" y1=\"11.3071\" x2=\"10.6066\" y2=\"1.4077\"\/><polyline points=\"1.015 1 11.015 1 11.015 11\"\/><\/g><g><line x1=\"0.7071\" y1=\"11.3071\" x2=\"10.6066\" y2=\"1.4077\"\/><polyline points=\"1.015 1 11.015 1 11.015 11\"\/><\/g><\/svg><\/span>\n<\/a>\n\t\t\t\t<\/div>\n\t\t\t\t<\/div>\n\t\t\t\t\t<\/div>\n\t\t<\/div>\n\t\t\t\t\t<\/div>\n\t\t<\/section>\n\t\t\t\t<\/div>\n\t\t","protected":false},"excerpt":{"rendered":"<p>THIERNO SOULEYMANE DIALLO BIO The filmmaker was born in Guinea and studied at the Institut Sup\u00e9rieur des Arts de Guin\u00e9e (ISAG) in Dubr\u00e9ka. In 2012, he moved to Niger to study documentary and then graduated with a degree in documentary cinema in Senegal. After making several short films during his studies, he directed\u202fUn homme pour [&hellip;]<\/p>\n","protected":false},"author":1,"featured_media":15254,"comment_status":"closed","ping_status":"closed","sticky":false,"template":"elementor_header_footer","format":"standard","meta":{"_monsterinsights_skip_tracking":false,"_monsterinsights_sitenote_active":false,"_monsterinsights_sitenote_note":"","_monsterinsights_sitenote_category":0,"footnotes":""},"categories":[96],"tags":[],"class_list":["post-15277","post","type-post","status-publish","format-standard","has-post-thumbnail","hentry","category-uncategorized"],"yoast_head":"<!-- This site is optimized with the Yoast SEO plugin v26.2 - https:\/\/yoast.com\/wordpress\/plugins\/seo\/ -->\n<title>THIERNO SOULEYMANE DIALLO - Afrikaldia \u2013 Festival Vasco de Cines Africanos<\/title>\n<meta name=\"robots\" content=\"index, follow, max-snippet:-1, max-image-preview:large, max-video-preview:-1\" \/>\n<link rel=\"canonical\" href=\"https:\/\/www.afrikaldia.com\/en\/2023\/08\/13\/thierno-souleymane-diallo\/\" \/>\n<meta property=\"og:locale\" content=\"en_US\" \/>\n<meta property=\"og:type\" content=\"article\" \/>\n<meta property=\"og:title\" content=\"THIERNO SOULEYMANE DIALLO - Afrikaldia \u2013 Festival Vasco de Cines Africanos\" \/>\n<meta property=\"og:description\" content=\"THIERNO SOULEYMANE DIALLO BIO The filmmaker was born in Guinea and studied at the Institut Sup\u00e9rieur des Arts de Guin\u00e9e (ISAG) in Dubr\u00e9ka. In 2012, he moved to Niger to study documentary and then graduated with a degree in documentary cinema in Senegal. After making several short films during his studies, he directed\u202fUn homme pour [&hellip;]\" \/>\n<meta property=\"og:url\" content=\"https:\/\/www.afrikaldia.com\/en\/2023\/08\/13\/thierno-souleymane-diallo\/\" \/>\n<meta property=\"og:site_name\" content=\"Afrikaldia \u2013 Festival Vasco de Cines Africanos\" \/>\n<meta property=\"article:published_time\" content=\"2023-08-13T16:50:55+00:00\" \/>\n<meta property=\"article:modified_time\" content=\"2023-09-21T09:51:12+00:00\" \/>\n<meta property=\"og:image\" content=\"https:\/\/www.afrikaldia.com\/wp-content\/uploads\/2023\/08\/Foto-dire.jpg\" \/>\n\t<meta property=\"og:image:width\" content=\"1620\" \/>\n\t<meta property=\"og:image:height\" content=\"1080\" \/>\n\t<meta property=\"og:image:type\" content=\"image\/jpeg\" \/>\n<meta name=\"author\" content=\"AdminAfrika\" \/>\n<meta name=\"twitter:card\" content=\"summary_large_image\" \/>\n<meta name=\"twitter:label1\" content=\"Written by\" \/>\n\t<meta name=\"twitter:data1\" content=\"AdminAfrika\" \/>\n\t<meta name=\"twitter:label2\" content=\"Est. reading time\" \/>\n\t<meta name=\"twitter:data2\" content=\"3 minutes\" \/>\n<script type=\"application\/ld+json\" class=\"yoast-schema-graph\">{\"@context\":\"https:\/\/schema.org\",\"@graph\":[{\"@type\":\"WebPage\",\"@id\":\"https:\/\/www.afrikaldia.com\/en\/2023\/08\/13\/thierno-souleymane-diallo\/\",\"url\":\"https:\/\/www.afrikaldia.com\/en\/2023\/08\/13\/thierno-souleymane-diallo\/\",\"name\":\"THIERNO SOULEYMANE DIALLO - Afrikaldia \u2013 Festival Vasco de Cines Africanos\",\"isPartOf\":{\"@id\":\"https:\/\/www.afrikaldia.com\/#website\"},\"primaryImageOfPage\":{\"@id\":\"https:\/\/www.afrikaldia.com\/en\/2023\/08\/13\/thierno-souleymane-diallo\/#primaryimage\"},\"image\":{\"@id\":\"https:\/\/www.afrikaldia.com\/en\/2023\/08\/13\/thierno-souleymane-diallo\/#primaryimage\"},\"thumbnailUrl\":\"https:\/\/www.afrikaldia.com\/wp-content\/uploads\/2023\/08\/Foto-dire.jpg\",\"datePublished\":\"2023-08-13T16:50:55+00:00\",\"dateModified\":\"2023-09-21T09:51:12+00:00\",\"author\":{\"@id\":\"https:\/\/www.afrikaldia.com\/#\/schema\/person\/638990ad462c5867697fb0382c10f28e\"},\"breadcrumb\":{\"@id\":\"https:\/\/www.afrikaldia.com\/en\/2023\/08\/13\/thierno-souleymane-diallo\/#breadcrumb\"},\"inLanguage\":\"en-US\",\"potentialAction\":[{\"@type\":\"ReadAction\",\"target\":[\"https:\/\/www.afrikaldia.com\/en\/2023\/08\/13\/thierno-souleymane-diallo\/\"]}]},{\"@type\":\"ImageObject\",\"inLanguage\":\"en-US\",\"@id\":\"https:\/\/www.afrikaldia.com\/en\/2023\/08\/13\/thierno-souleymane-diallo\/#primaryimage\",\"url\":\"https:\/\/www.afrikaldia.com\/wp-content\/uploads\/2023\/08\/Foto-dire.jpg\",\"contentUrl\":\"https:\/\/www.afrikaldia.com\/wp-content\/uploads\/2023\/08\/Foto-dire.jpg\",\"width\":1620,\"height\":1080},{\"@type\":\"BreadcrumbList\",\"@id\":\"https:\/\/www.afrikaldia.com\/en\/2023\/08\/13\/thierno-souleymane-diallo\/#breadcrumb\",\"itemListElement\":[{\"@type\":\"ListItem\",\"position\":1,\"name\":\"Portada\",\"item\":\"https:\/\/www.afrikaldia.com\/en\/\"},{\"@type\":\"ListItem\",\"position\":2,\"name\":\"THIERNO SOULEYMANE DIALLO\"}]},{\"@type\":\"WebSite\",\"@id\":\"https:\/\/www.afrikaldia.com\/#website\",\"url\":\"https:\/\/www.afrikaldia.com\/\",\"name\":\"Afrikaldia \u2013 Festival Vasco de Cines Africanos\",\"description\":\"AFRIKALDIA es un festival internacional de cine de car\u00e1cter competitivo, dirigido a todos los p\u00fablicos.\",\"potentialAction\":[{\"@type\":\"SearchAction\",\"target\":{\"@type\":\"EntryPoint\",\"urlTemplate\":\"https:\/\/www.afrikaldia.com\/?s={search_term_string}\"},\"query-input\":{\"@type\":\"PropertyValueSpecification\",\"valueRequired\":true,\"valueName\":\"search_term_string\"}}],\"inLanguage\":\"en-US\"},{\"@type\":\"Person\",\"@id\":\"https:\/\/www.afrikaldia.com\/#\/schema\/person\/638990ad462c5867697fb0382c10f28e\",\"name\":\"AdminAfrika\",\"image\":{\"@type\":\"ImageObject\",\"inLanguage\":\"en-US\",\"@id\":\"https:\/\/www.afrikaldia.com\/#\/schema\/person\/image\/\",\"url\":\"https:\/\/www.afrikaldia.com\/wp-content\/litespeed\/avatar\/f9f62e4a8710aed3b945aca4f2756f19.jpg?ver=1777444892\",\"contentUrl\":\"https:\/\/www.afrikaldia.com\/wp-content\/litespeed\/avatar\/f9f62e4a8710aed3b945aca4f2756f19.jpg?ver=1777444892\",\"caption\":\"AdminAfrika\"},\"sameAs\":[\"https:\/\/www.afrikaldia.com\"],\"url\":\"https:\/\/www.afrikaldia.com\/en\/author\/AdminAfrika\/\"}]}<\/script>\n<!-- \/ Yoast SEO plugin. -->","yoast_head_json":{"title":"THIERNO SOULEYMANE DIALLO - Afrikaldia \u2013 Festival Vasco de Cines Africanos","robots":{"index":"index","follow":"follow","max-snippet":"max-snippet:-1","max-image-preview":"max-image-preview:large","max-video-preview":"max-video-preview:-1"},"canonical":"https:\/\/www.afrikaldia.com\/en\/2023\/08\/13\/thierno-souleymane-diallo\/","og_locale":"en_US","og_type":"article","og_title":"THIERNO SOULEYMANE DIALLO - Afrikaldia \u2013 Festival Vasco de Cines Africanos","og_description":"THIERNO SOULEYMANE DIALLO BIO The filmmaker was born in Guinea and studied at the Institut Sup\u00e9rieur des Arts de Guin\u00e9e (ISAG) in Dubr\u00e9ka. In 2012, he moved to Niger to study documentary and then graduated with a degree in documentary cinema in Senegal. After making several short films during his studies, he directed\u202fUn homme pour [&hellip;]","og_url":"https:\/\/www.afrikaldia.com\/en\/2023\/08\/13\/thierno-souleymane-diallo\/","og_site_name":"Afrikaldia \u2013 Festival Vasco de Cines Africanos","article_published_time":"2023-08-13T16:50:55+00:00","article_modified_time":"2023-09-21T09:51:12+00:00","og_image":[{"width":1620,"height":1080,"url":"https:\/\/www.afrikaldia.com\/wp-content\/uploads\/2023\/08\/Foto-dire.jpg","type":"image\/jpeg"}],"author":"AdminAfrika","twitter_card":"summary_large_image","twitter_misc":{"Written by":"AdminAfrika","Est. reading time":"3 minutes"},"schema":{"@context":"https:\/\/schema.org","@graph":[{"@type":"WebPage","@id":"https:\/\/www.afrikaldia.com\/en\/2023\/08\/13\/thierno-souleymane-diallo\/","url":"https:\/\/www.afrikaldia.com\/en\/2023\/08\/13\/thierno-souleymane-diallo\/","name":"THIERNO SOULEYMANE DIALLO - Afrikaldia \u2013 Festival Vasco de Cines Africanos","isPartOf":{"@id":"https:\/\/www.afrikaldia.com\/#website"},"primaryImageOfPage":{"@id":"https:\/\/www.afrikaldia.com\/en\/2023\/08\/13\/thierno-souleymane-diallo\/#primaryimage"},"image":{"@id":"https:\/\/www.afrikaldia.com\/en\/2023\/08\/13\/thierno-souleymane-diallo\/#primaryimage"},"thumbnailUrl":"https:\/\/www.afrikaldia.com\/wp-content\/uploads\/2023\/08\/Foto-dire.jpg","datePublished":"2023-08-13T16:50:55+00:00","dateModified":"2023-09-21T09:51:12+00:00","author":{"@id":"https:\/\/www.afrikaldia.com\/#\/schema\/person\/638990ad462c5867697fb0382c10f28e"},"breadcrumb":{"@id":"https:\/\/www.afrikaldia.com\/en\/2023\/08\/13\/thierno-souleymane-diallo\/#breadcrumb"},"inLanguage":"en-US","potentialAction":[{"@type":"ReadAction","target":["https:\/\/www.afrikaldia.com\/en\/2023\/08\/13\/thierno-souleymane-diallo\/"]}]},{"@type":"ImageObject","inLanguage":"en-US","@id":"https:\/\/www.afrikaldia.com\/en\/2023\/08\/13\/thierno-souleymane-diallo\/#primaryimage","url":"https:\/\/www.afrikaldia.com\/wp-content\/uploads\/2023\/08\/Foto-dire.jpg","contentUrl":"https:\/\/www.afrikaldia.com\/wp-content\/uploads\/2023\/08\/Foto-dire.jpg","width":1620,"height":1080},{"@type":"BreadcrumbList","@id":"https:\/\/www.afrikaldia.com\/en\/2023\/08\/13\/thierno-souleymane-diallo\/#breadcrumb","itemListElement":[{"@type":"ListItem","position":1,"name":"Portada","item":"https:\/\/www.afrikaldia.com\/en\/"},{"@type":"ListItem","position":2,"name":"THIERNO SOULEYMANE DIALLO"}]},{"@type":"WebSite","@id":"https:\/\/www.afrikaldia.com\/#website","url":"https:\/\/www.afrikaldia.com\/","name":"Afrikaldia \u2013 Festival Vasco de Cines Africanos","description":"AFRIKALDIA es un festival internacional de cine de car\u00e1cter competitivo, dirigido a todos los p\u00fablicos.","potentialAction":[{"@type":"SearchAction","target":{"@type":"EntryPoint","urlTemplate":"https:\/\/www.afrikaldia.com\/?s={search_term_string}"},"query-input":{"@type":"PropertyValueSpecification","valueRequired":true,"valueName":"search_term_string"}}],"inLanguage":"en-US"},{"@type":"Person","@id":"https:\/\/www.afrikaldia.com\/#\/schema\/person\/638990ad462c5867697fb0382c10f28e","name":"AdminAfrika","image":{"@type":"ImageObject","inLanguage":"en-US","@id":"https:\/\/www.afrikaldia.com\/#\/schema\/person\/image\/","url":"https:\/\/www.afrikaldia.com\/wp-content\/litespeed\/avatar\/f9f62e4a8710aed3b945aca4f2756f19.jpg?ver=1777444892","contentUrl":"https:\/\/www.afrikaldia.com\/wp-content\/litespeed\/avatar\/f9f62e4a8710aed3b945aca4f2756f19.jpg?ver=1777444892","caption":"AdminAfrika"},"sameAs":["https:\/\/www.afrikaldia.com"],"url":"https:\/\/www.afrikaldia.com\/en\/author\/AdminAfrika\/"}]}},"_links":{"self":[{"href":"https:\/\/www.afrikaldia.com\/en\/wp-json\/wp\/v2\/posts\/15277","targetHints":{"allow":["GET"]}}],"collection":[{"href":"https:\/\/www.afrikaldia.com\/en\/wp-json\/wp\/v2\/posts"}],"about":[{"href":"https:\/\/www.afrikaldia.com\/en\/wp-json\/wp\/v2\/types\/post"}],"author":[{"embeddable":true,"href":"https:\/\/www.afrikaldia.com\/en\/wp-json\/wp\/v2\/users\/1"}],"replies":[{"embeddable":true,"href":"https:\/\/www.afrikaldia.com\/en\/wp-json\/wp\/v2\/comments?post=15277"}],"version-history":[{"count":40,"href":"https:\/\/www.afrikaldia.com\/en\/wp-json\/wp\/v2\/posts\/15277\/revisions"}],"predecessor-version":[{"id":18347,"href":"https:\/\/www.afrikaldia.com\/en\/wp-json\/wp\/v2\/posts\/15277\/revisions\/18347"}],"wp:featuredmedia":[{"embeddable":true,"href":"https:\/\/www.afrikaldia.com\/en\/wp-json\/wp\/v2\/media\/15254"}],"wp:attachment":[{"href":"https:\/\/www.afrikaldia.com\/en\/wp-json\/wp\/v2\/media?parent=15277"}],"wp:term":[{"taxonomy":"category","embeddable":true,"href":"https:\/\/www.afrikaldia.com\/en\/wp-json\/wp\/v2\/categories?post=15277"},{"taxonomy":"post_tag","embeddable":true,"href":"https:\/\/www.afrikaldia.com\/en\/wp-json\/wp\/v2\/tags?post=15277"}],"curies":[{"name":"wp","href":"https:\/\/api.w.org\/{rel}","templated":true}]}}